{"id":35625870,"date":"2023-03-31T10:46:51","date_gmt":"2023-03-31T08:46:51","guid":{"rendered":"https:\/\/www.centre-commercial.fr\/sept-chemins\/?post_type=news-centre&#038;p=35625870"},"modified":"2023-04-05T11:26:59","modified_gmt":"2023-04-05T09:26:59","slug":"kiosques-de-recyclage-terracycle","status":"publish","type":"news-centre","link":"https:\/\/www.centre-commercial.fr\/sept-chemins\/news-centre\/kiosques-de-recyclage-terracycle\/","title":{"rendered":"Kiosques de recyclage &#8211; TerraCycle"},"content":{"rendered":"<h4 style=\"text-align: center\"><strong>Fond\u00e9e en 2001, TerraCycle est une entreprise de recyclage innovante, devenue leader mondial dans<\/strong><br \/>\n<strong>le traitement des d\u00e9chets difficilement recyclables.<\/strong><\/h4>\n<h4 style=\"text-align: center\"><strong>TerraCycle et Carrefour, en partenariat avec Philips, BIC, DIM, Hasbro et Tefal, ont uni leurs forces<\/strong><br \/>\n<strong>pour lancer dans 6 magasins pilotes une solution de recyclage gratuite pour les 6 cat\u00e9gories de<\/strong><br \/>\n<strong>d\u00e9chets suivantes :<\/strong><\/h4>\n<p>&nbsp;<\/p>\n<h4 style=\"text-align: center\"><span>? <\/span>Brosses \u00e0 dents et tubes de dentifrice<\/h4>\n<h4 style=\"text-align: center\"><span>? <\/span>Rasoirs manuels et lames<\/h4>\n<h4 style=\"text-align: center\"><span>?\ufe0f <\/span>Instruments d&rsquo;\u00e9critures<\/h4>\n<h4 style=\"text-align: center\"><img decoding=\"async\" class=\"emoji\" title=\"two hearts\" src=\"https:\/\/www.centre-commercial.fr\/sept-chemins\/wp-content\/themes\/cc\/assets\/js\/plugins\/smileys\/img\/1f495.png\" \/> Collants<\/h4>\n<h4 style=\"text-align: center\"><span>? <\/span>Jeux et jouets<\/h4>\n<h4 style=\"text-align: center\"><span>? <\/span>Po\u00eales<\/h4>\n<h4><\/h4>\n<p>&nbsp;<\/p>\n<h4>Un kiosque de recyclage a \u00e9t\u00e9 install\u00e9 sur le parking du centre commercial. Venez d\u00e9poser gratuitement vos produits rentrant dans les 6 cat\u00e9gories pr\u00e9c\u00e9dente qui ne sont aujourd&rsquo;hui pas accept\u00e9s par les fili\u00e8res de tri traditionnelles dans la poubelle jaune municipale.<\/h4>\n<h4><span style=\"color: #000000\">Fa\u00eetes le tri, et b\u00e9n\u00e9ficiez des bons d&rsquo;achat sur :\u00a0<a href=\"https:\/\/urldefense.com\/v3\/__https:\/\/recycleandsave.terracycle.com__;!!FV2k9Gfstw!HaqW1L9nUlbPT9wapXOTIdiXgtYvKOtdyhhmulmHHD41HZjh-GUE5PKFa9YCSWNPSJcHm3Z_dPaCBdqN1-knyUTzEG-9OjQ57A$\" target=\"_blank\" rel=\"noopener\" data-saferedirecturl=\"https:\/\/www.google.com\/url?q=https:\/\/urldefense.com\/v3\/__https:\/\/recycleandsave.terracycle.com__;!!FV2k9Gfstw!HaqW1L9nUlbPT9wapXOTIdiXgtYvKOtdyhhmulmHHD41HZjh-GUE5PKFa9YCSWNPSJcHm3Z_dPaCBdqN1-knyUTzEG-9OjQ57A$&amp;source=gmail&amp;ust=1680334028545000&amp;usg=AOvVaw3XaFU0QINIA66EQ_MK2h4a\">https:\/\/recycleandsave.terracycle.com\u00a0<\/a><\/span><\/h4>\n<h4><span style=\"color: #000000\">Rdv sur le parking de votre magasin\u00a0!<\/span><\/h4>\n<h4><span class=\"x3nfvp2 x1j61x8r x1fcty0u xdj266r xhhsvwb xat24cr xgzva0m xxymvpz xlup9mm x1kky2od\"><img loading=\"lazy\" decoding=\"async\" src=\"https:\/\/static.xx.fbcdn.net\/images\/emoji.php\/v9\/taa\/1.5\/16\/1f449.png\" alt=\"?\" width=\"16\" height=\"16\" \/><\/span><span>Plus d\u2019infos et modalit\u00e9s sur: <\/span><span><a class=\"x1i10hfl xjbqb8w x6umtig x1b1mbwd xaqea5y xav7gou x9f619 x1ypdohk xt0psk2 xe8uvvx xdj266r x11i5rnm xat24cr x1mh8g0r xexx8yu x4uap5 x18d9i69 xkhd6sd x16tdsg8 x1hl2dhg xggy1nq x1a2a7pz xt0b8zv x1fey0fg\" role=\"link\" href=\"https:\/\/bit.ly\/40wOuil?fbclid=IwAR3lK_lLQ_Y_5ZWQDvgEOTI7Vppw-7XxJ3v9NmEpyhff7-ErPJKox6nU5yU\" target=\"_blank\" rel=\"nofollow noopener\">https:\/\/bit.ly\/40wOuil<\/a><\/span><\/h4>\n","protected":false},"author":51975,"featured_media":35625881,"template":"","class_list":["post-35625870","news-centre","type-news-centre","status-publish","has-post-thumbnail","hentry"],"acf":[],"yoast_head":"<!-- This site is optimized with the Yoast SEO plugin v27.7 - https:\/\/yoast.com\/product\/yoast-seo-wordpress\/ -->\n<title>Kiosques de recyclage - TerraCycle - Centre commercial Les Sept Chemins<\/title>\n<meta name=\"robots\" content=\"index, follow, max-snippet:-1, max-image-preview:large, max-video-preview:-1\" \/>\n<link rel=\"canonical\" href=\"https:\/\/www.centre-commercial.fr\/sept-chemins\/news-centre\/kiosques-de-recyclage-terracycle\/\" \/>\n<meta property=\"og:locale\" content=\"fr_FR\" \/>\n<meta property=\"og:type\" content=\"article\" \/>\n<meta property=\"og:title\" content=\"Kiosques de recyclage - TerraCycle - Centre commercial Les Sept Chemins\" \/>\n<meta property=\"og:description\" content=\"Fond\u00e9e en 2001, TerraCycle est une entreprise de recyclage innovante, devenue leader mondial dans le traitement des d\u00e9chets difficilement recyclables. TerraCycle et Carrefour, en partenariat avec Philips, BIC, DIM, Hasbro et Tefal, ont uni leurs forces pour lancer dans 6 magasins pilotes une solution de recyclage gratuite pour les 6 cat\u00e9gories de d\u00e9chets suivantes : [&hellip;]\" \/>\n<meta property=\"og:url\" content=\"https:\/\/www.centre-commercial.fr\/sept-chemins\/news-centre\/kiosques-de-recyclage-terracycle\/\" \/>\n<meta property=\"og:site_name\" content=\"Centre commercial Les Sept Chemins\" \/>\n<meta property=\"article:modified_time\" content=\"2023-04-05T09:26:59+00:00\" \/>\n<meta property=\"og:image\" content=\"https:\/\/www.centre-commercial.fr\/sept-chemins\/wp-content\/uploads\/sites\/15\/2023\/03\/VF-2-1.jpg\" \/>\n\t<meta property=\"og:image:width\" content=\"940\" \/>\n\t<meta property=\"og:image:height\" content=\"788\" \/>\n\t<meta property=\"og:image:type\" content=\"image\/jpeg\" \/>\n<meta name=\"twitter:card\" content=\"summary_large_image\" \/>\n<meta name=\"twitter:label1\" content=\"Dur\u00e9e de lecture estim\u00e9e\" \/>\n\t<meta name=\"twitter:data1\" content=\"2 minutes\" \/>\n<script type=\"application\/ld+json\" class=\"yoast-schema-graph\">{\"@context\":\"https:\\\/\\\/schema.org\",\"@graph\":[{\"@type\":\"WebPage\",\"@id\":\"https:\\\/\\\/www.centre-commercial.fr\\\/sept-chemins\\\/news-centre\\\/kiosques-de-recyclage-terracycle\\\/\",\"url\":\"https:\\\/\\\/www.centre-commercial.fr\\\/sept-chemins\\\/news-centre\\\/kiosques-de-recyclage-terracycle\\\/\",\"name\":\"Kiosques de recyclage - TerraCycle - Centre commercial Les Sept Chemins\",\"isPartOf\":{\"@id\":\"https:\\\/\\\/www.centre-commercial.fr\\\/sept-chemins\\\/#website\"},\"primaryImageOfPage\":{\"@id\":\"https:\\\/\\\/www.centre-commercial.fr\\\/sept-chemins\\\/news-centre\\\/kiosques-de-recyclage-terracycle\\\/#primaryimage\"},\"image\":{\"@id\":\"https:\\\/\\\/www.centre-commercial.fr\\\/sept-chemins\\\/news-centre\\\/kiosques-de-recyclage-terracycle\\\/#primaryimage\"},\"thumbnailUrl\":\"https:\\\/\\\/www.centre-commercial.fr\\\/sept-chemins\\\/wp-content\\\/uploads\\\/sites\\\/15\\\/2023\\\/03\\\/VF-2-1.jpg\",\"datePublished\":\"2023-03-31T08:46:51+00:00\",\"dateModified\":\"2023-04-05T09:26:59+00:00\",\"breadcrumb\":{\"@id\":\"https:\\\/\\\/www.centre-commercial.fr\\\/sept-chemins\\\/news-centre\\\/kiosques-de-recyclage-terracycle\\\/#breadcrumb\"},\"inLanguage\":\"fr-FR\",\"potentialAction\":[{\"@type\":\"ReadAction\",\"target\":[\"https:\\\/\\\/www.centre-commercial.fr\\\/sept-chemins\\\/news-centre\\\/kiosques-de-recyclage-terracycle\\\/\"]}]},{\"@type\":\"ImageObject\",\"inLanguage\":\"fr-FR\",\"@id\":\"https:\\\/\\\/www.centre-commercial.fr\\\/sept-chemins\\\/news-centre\\\/kiosques-de-recyclage-terracycle\\\/#primaryimage\",\"url\":\"https:\\\/\\\/www.centre-commercial.fr\\\/sept-chemins\\\/wp-content\\\/uploads\\\/sites\\\/15\\\/2023\\\/03\\\/VF-2-1.jpg\",\"contentUrl\":\"https:\\\/\\\/www.centre-commercial.fr\\\/sept-chemins\\\/wp-content\\\/uploads\\\/sites\\\/15\\\/2023\\\/03\\\/VF-2-1.jpg\",\"width\":940,\"height\":788},{\"@type\":\"BreadcrumbList\",\"@id\":\"https:\\\/\\\/www.centre-commercial.fr\\\/sept-chemins\\\/news-centre\\\/kiosques-de-recyclage-terracycle\\\/#breadcrumb\",\"itemListElement\":[{\"@type\":\"ListItem\",\"position\":1,\"name\":\"Accueil\",\"item\":\"https:\\\/\\\/www.centre-commercial.fr\\\/sept-chemins\\\/\"},{\"@type\":\"ListItem\",\"position\":2,\"name\":\"News Centre\",\"item\":\"https:\\\/\\\/www.centre-commercial.fr\\\/sept-chemins\\\/actus-shopping\\\/\"},{\"@type\":\"ListItem\",\"position\":3,\"name\":\"Kiosques de recyclage &#8211; TerraCycle\",\"item\":\"https:\\\/\\\/www.centre-commercial.fr\\\/sept-chemins\\\/news-centre\\\/kiosques-de-recyclage-terracycle\\\/\"}]},{\"@type\":\"WebSite\",\"@id\":\"https:\\\/\\\/www.centre-commercial.fr\\\/sept-chemins\\\/#website\",\"url\":\"https:\\\/\\\/www.centre-commercial.fr\\\/sept-chemins\\\/\",\"name\":\"Centre commercial Les Sept Chemins\",\"description\":\"C&#039;est l\u00e0 que \u00e7a se passe !\",\"publisher\":{\"@id\":\"https:\\\/\\\/www.centre-commercial.fr\\\/sept-chemins\\\/#organization\"},\"potentialAction\":[{\"@type\":\"SearchAction\",\"target\":{\"@type\":\"EntryPoint\",\"urlTemplate\":\"https:\\\/\\\/www.centre-commercial.fr\\\/sept-chemins\\\/?s={search_term_string}\"},\"query-input\":{\"@type\":\"PropertyValueSpecification\",\"valueRequired\":true,\"valueName\":\"search_term_string\"}}],\"inLanguage\":\"fr-FR\"},{\"@type\":\"Organization\",\"@id\":\"https:\\\/\\\/www.centre-commercial.fr\\\/sept-chemins\\\/#organization\",\"name\":\"Centre commercial Les Sept Chemins\",\"url\":\"https:\\\/\\\/www.centre-commercial.fr\\\/sept-chemins\\\/\",\"logo\":{\"@type\":\"ImageObject\",\"inLanguage\":\"fr-FR\",\"@id\":\"https:\\\/\\\/www.centre-commercial.fr\\\/sept-chemins\\\/#\\\/schema\\\/logo\\\/image\\\/\",\"url\":\"https:\\\/\\\/www.centre-commercial.fr\\\/sept-chemins\\\/wp-content\\\/uploads\\\/sites\\\/15\\\/2019\\\/07\\\/Logo_7C_RVB_FB-5.jpg\",\"contentUrl\":\"https:\\\/\\\/www.centre-commercial.fr\\\/sept-chemins\\\/wp-content\\\/uploads\\\/sites\\\/15\\\/2019\\\/07\\\/Logo_7C_RVB_FB-5.jpg\",\"width\":180,\"height\":180,\"caption\":\"Centre commercial Les Sept Chemins\"},\"image\":{\"@id\":\"https:\\\/\\\/www.centre-commercial.fr\\\/sept-chemins\\\/#\\\/schema\\\/logo\\\/image\\\/\"}}]}<\/script>\n<!-- \/ Yoast SEO plugin. -->","yoast_head_json":{"title":"Kiosques de recyclage - TerraCycle - Centre commercial Les Sept Chemins","robots":{"index":"index","follow":"follow","max-snippet":"max-snippet:-1","max-image-preview":"max-image-preview:large","max-video-preview":"max-video-preview:-1"},"canonical":"https:\/\/www.centre-commercial.fr\/sept-chemins\/news-centre\/kiosques-de-recyclage-terracycle\/","og_locale":"fr_FR","og_type":"article","og_title":"Kiosques de recyclage - TerraCycle - Centre commercial Les Sept Chemins","og_description":"Fond\u00e9e en 2001, TerraCycle est une entreprise de recyclage innovante, devenue leader mondial dans le traitement des d\u00e9chets difficilement recyclables. TerraCycle et Carrefour, en partenariat avec Philips, BIC, DIM, Hasbro et Tefal, ont uni leurs forces pour lancer dans 6 magasins pilotes une solution de recyclage gratuite pour les 6 cat\u00e9gories de d\u00e9chets suivantes : [&hellip;]","og_url":"https:\/\/www.centre-commercial.fr\/sept-chemins\/news-centre\/kiosques-de-recyclage-terracycle\/","og_site_name":"Centre commercial Les Sept Chemins","article_modified_time":"2023-04-05T09:26:59+00:00","og_image":[{"width":940,"height":788,"url":"https:\/\/www.centre-commercial.fr\/sept-chemins\/wp-content\/uploads\/sites\/15\/2023\/03\/VF-2-1.jpg","type":"image\/jpeg"}],"twitter_card":"summary_large_image","twitter_misc":{"Dur\u00e9e de lecture estim\u00e9e":"2 minutes"},"schema":{"@context":"https:\/\/schema.org","@graph":[{"@type":"WebPage","@id":"https:\/\/www.centre-commercial.fr\/sept-chemins\/news-centre\/kiosques-de-recyclage-terracycle\/","url":"https:\/\/www.centre-commercial.fr\/sept-chemins\/news-centre\/kiosques-de-recyclage-terracycle\/","name":"Kiosques de recyclage - TerraCycle - Centre commercial Les Sept Chemins","isPartOf":{"@id":"https:\/\/www.centre-commercial.fr\/sept-chemins\/#website"},"primaryImageOfPage":{"@id":"https:\/\/www.centre-commercial.fr\/sept-chemins\/news-centre\/kiosques-de-recyclage-terracycle\/#primaryimage"},"image":{"@id":"https:\/\/www.centre-commercial.fr\/sept-chemins\/news-centre\/kiosques-de-recyclage-terracycle\/#primaryimage"},"thumbnailUrl":"https:\/\/www.centre-commercial.fr\/sept-chemins\/wp-content\/uploads\/sites\/15\/2023\/03\/VF-2-1.jpg","datePublished":"2023-03-31T08:46:51+00:00","dateModified":"2023-04-05T09:26:59+00:00","breadcrumb":{"@id":"https:\/\/www.centre-commercial.fr\/sept-chemins\/news-centre\/kiosques-de-recyclage-terracycle\/#breadcrumb"},"inLanguage":"fr-FR","potentialAction":[{"@type":"ReadAction","target":["https:\/\/www.centre-commercial.fr\/sept-chemins\/news-centre\/kiosques-de-recyclage-terracycle\/"]}]},{"@type":"ImageObject","inLanguage":"fr-FR","@id":"https:\/\/www.centre-commercial.fr\/sept-chemins\/news-centre\/kiosques-de-recyclage-terracycle\/#primaryimage","url":"https:\/\/www.centre-commercial.fr\/sept-chemins\/wp-content\/uploads\/sites\/15\/2023\/03\/VF-2-1.jpg","contentUrl":"https:\/\/www.centre-commercial.fr\/sept-chemins\/wp-content\/uploads\/sites\/15\/2023\/03\/VF-2-1.jpg","width":940,"height":788},{"@type":"BreadcrumbList","@id":"https:\/\/www.centre-commercial.fr\/sept-chemins\/news-centre\/kiosques-de-recyclage-terracycle\/#breadcrumb","itemListElement":[{"@type":"ListItem","position":1,"name":"Accueil","item":"https:\/\/www.centre-commercial.fr\/sept-chemins\/"},{"@type":"ListItem","position":2,"name":"News Centre","item":"https:\/\/www.centre-commercial.fr\/sept-chemins\/actus-shopping\/"},{"@type":"ListItem","position":3,"name":"Kiosques de recyclage &#8211; TerraCycle","item":"https:\/\/www.centre-commercial.fr\/sept-chemins\/news-centre\/kiosques-de-recyclage-terracycle\/"}]},{"@type":"WebSite","@id":"https:\/\/www.centre-commercial.fr\/sept-chemins\/#website","url":"https:\/\/www.centre-commercial.fr\/sept-chemins\/","name":"Centre commercial Les Sept Chemins","description":"C&#039;est l\u00e0 que \u00e7a se passe !","publisher":{"@id":"https:\/\/www.centre-commercial.fr\/sept-chemins\/#organization"},"potentialAction":[{"@type":"SearchAction","target":{"@type":"EntryPoint","urlTemplate":"https:\/\/www.centre-commercial.fr\/sept-chemins\/?s={search_term_string}"},"query-input":{"@type":"PropertyValueSpecification","valueRequired":true,"valueName":"search_term_string"}}],"inLanguage":"fr-FR"},{"@type":"Organization","@id":"https:\/\/www.centre-commercial.fr\/sept-chemins\/#organization","name":"Centre commercial Les Sept Chemins","url":"https:\/\/www.centre-commercial.fr\/sept-chemins\/","logo":{"@type":"ImageObject","inLanguage":"fr-FR","@id":"https:\/\/www.centre-commercial.fr\/sept-chemins\/#\/schema\/logo\/image\/","url":"https:\/\/www.centre-commercial.fr\/sept-chemins\/wp-content\/uploads\/sites\/15\/2019\/07\/Logo_7C_RVB_FB-5.jpg","contentUrl":"https:\/\/www.centre-commercial.fr\/sept-chemins\/wp-content\/uploads\/sites\/15\/2019\/07\/Logo_7C_RVB_FB-5.jpg","width":180,"height":180,"caption":"Centre commercial Les Sept Chemins"},"image":{"@id":"https:\/\/www.centre-commercial.fr\/sept-chemins\/#\/schema\/logo\/image\/"}}]}},"publishpress_future_action":{"enabled":false,"date":"2026-09-09 05:43:02","action":"change-status","newStatus":"draft","terms":[],"taxonomy":"","extraData":[]},"publishpress_future_workflow_manual_trigger":{"enabledWorkflows":[]},"_links":{"self":[{"href":"https:\/\/www.centre-commercial.fr\/sept-chemins\/wp-json\/wp\/v2\/news-centre\/35625870","targetHints":{"allow":["GET"]}}],"collection":[{"href":"https:\/\/www.centre-commercial.fr\/sept-chemins\/wp-json\/wp\/v2\/news-centre"}],"about":[{"href":"https:\/\/www.centre-commercial.fr\/sept-chemins\/wp-json\/wp\/v2\/types\/news-centre"}],"author":[{"embeddable":true,"href":"https:\/\/www.centre-commercial.fr\/sept-chemins\/wp-json\/wp\/v2\/users\/51975"}],"version-history":[{"count":6,"href":"https:\/\/www.centre-commercial.fr\/sept-chemins\/wp-json\/wp\/v2\/news-centre\/35625870\/revisions"}],"predecessor-version":[{"id":35625888,"href":"https:\/\/www.centre-commercial.fr\/sept-chemins\/wp-json\/wp\/v2\/news-centre\/35625870\/revisions\/35625888"}],"wp:featuredmedia":[{"embeddable":true,"href":"https:\/\/www.centre-commercial.fr\/sept-chemins\/wp-json\/wp\/v2\/media\/35625881"}],"wp:attachment":[{"href":"https:\/\/www.centre-commercial.fr\/sept-chemins\/wp-json\/wp\/v2\/media?parent=35625870"}],"curies":[{"name":"wp","href":"https:\/\/api.w.org\/{rel}","templated":true}]}}