{"id":36611908,"date":"2026-08-31T13:27:21","date_gmt":"2026-08-31T11:27:21","guid":{"rendered":"https:\/\/www.centre-commercial.fr\/salanca\/?post_type=news-centre&#038;p=36611908"},"modified":"2026-08-31T13:27:22","modified_gmt":"2026-08-31T11:27:22","slug":"plantes-addict-revient-a-salanca-2","status":"publish","type":"news-centre","link":"https:\/\/www.centre-commercial.fr\/salanca\/news-centre\/plantes-addict-revient-a-salanca-2\/","title":{"rendered":"\ud83c\udf3f Plantes Addict revient \u00e0 Salanca !"},"content":{"rendered":"\n<p><\/p>\n\n\n\n<p><strong>Bonne nouvelle pour les amoureux des plantes !<\/strong> \ud83c\udf31<br>Plantes Addict revient au <strong>Centre Commercial Salanca<\/strong> ce <strong>samedi 5 septembre<\/strong> pour une grande vente de plantes \u00e0 petits prix !<\/p>\n\n\n\n<p>D\u00e9couvrez un large choix de <strong>plus de 100 vari\u00e9t\u00e9s<\/strong> : Monstera, cactus, succulentes, Aloe Vera, Ficus\u2026 \ud83c\udf35\ud83e\udeb4<\/p>\n\n\n\n<p>\ud83d\udc9a <strong>Petites et moyennes plantes : de 1 \u20ac \u00e0 12 \u20ac<\/strong><br>\ud83c\udf3f <strong>Grandes plantes : \u00e0 partir de 15 \u20ac<\/strong><\/p>\n\n\n\n<p>\ud83d\udcc5 <strong>Samedi 5 septembre uniquement<\/strong><br>\ud83d\udd50 <strong>De 13h \u00e0 17h<\/strong><br>\ud83d\udccd <strong>\u00c0 l\u2019ancien C&amp;A<\/strong><\/p>\n\n\n\n<p>\u26a0\ufe0f Les stocks sont limit\u00e9s : <strong>premier arriv\u00e9, premier servi !<\/strong><\/p>\n\n\n\n<p>Rendez-vous samedi \u00e0 Salanca pour trouver votre prochaine plante coup de c\u0153ur ! \ud83e\udeb4\u2728<\/p>\n","protected":false},"author":52464,"featured_media":36611909,"template":"","class_list":["post-36611908","news-centre","type-news-centre","status-publish","has-post-thumbnail","hentry"],"acf":[],"yoast_head":"<!-- This site is optimized with the Yoast SEO plugin v27.7 - https:\/\/yoast.com\/product\/yoast-seo-wordpress\/ -->\n<title>\ud83c\udf3f Plantes Addict revient \u00e0 Salanca ! - Centre commercial Carrefour Claira Salanca<\/title>\n<meta name=\"robots\" content=\"index, follow, max-snippet:-1, max-image-preview:large, max-video-preview:-1\" \/>\n<link rel=\"canonical\" href=\"https:\/\/www.centre-commercial.fr\/salanca\/news-centre\/plantes-addict-revient-a-salanca-2\/\" \/>\n<meta property=\"og:locale\" content=\"fr_FR\" \/>\n<meta property=\"og:type\" content=\"article\" \/>\n<meta property=\"og:title\" content=\"\ud83c\udf3f Plantes Addict revient \u00e0 Salanca ! - Centre commercial Carrefour Claira Salanca\" \/>\n<meta property=\"og:description\" content=\"Bonne nouvelle pour les amoureux des plantes ! \ud83c\udf31Plantes Addict revient au Centre Commercial Salanca ce samedi 5 septembre pour une grande vente de plantes \u00e0 petits prix ! D\u00e9couvrez un large choix de plus de 100 vari\u00e9t\u00e9s : Monstera, cactus, succulentes, Aloe Vera, Ficus\u2026 \ud83c\udf35\ud83e\udeb4 \ud83d\udc9a Petites et moyennes plantes : de 1 \u20ac [&hellip;]\" \/>\n<meta property=\"og:url\" content=\"https:\/\/www.centre-commercial.fr\/salanca\/news-centre\/plantes-addict-revient-a-salanca-2\/\" \/>\n<meta property=\"og:site_name\" content=\"Centre commercial Carrefour Claira Salanca\" \/>\n<meta property=\"article:modified_time\" content=\"2026-08-31T11:27:22+00:00\" \/>\n<meta property=\"og:image\" content=\"https:\/\/www.centre-commercial.fr\/salanca\/wp-content\/uploads\/sites\/47\/2026\/08\/PLANTES-ADDICT-Visuel-newsletter-5.png\" \/>\n\t<meta property=\"og:image:width\" content=\"1200\" \/>\n\t<meta property=\"og:image:height\" content=\"628\" \/>\n\t<meta property=\"og:image:type\" content=\"image\/png\" \/>\n<meta name=\"twitter:card\" content=\"summary_large_image\" \/>\n<script type=\"application\/ld+json\" class=\"yoast-schema-graph\">{\"@context\":\"https:\\\/\\\/schema.org\",\"@graph\":[{\"@type\":\"WebPage\",\"@id\":\"https:\\\/\\\/www.centre-commercial.fr\\\/salanca\\\/news-centre\\\/plantes-addict-revient-a-salanca-2\\\/\",\"url\":\"https:\\\/\\\/www.centre-commercial.fr\\\/salanca\\\/news-centre\\\/plantes-addict-revient-a-salanca-2\\\/\",\"name\":\"\ud83c\udf3f Plantes Addict revient \u00e0 Salanca ! - Centre commercial Carrefour Claira Salanca\",\"isPartOf\":{\"@id\":\"https:\\\/\\\/www.centre-commercial.fr\\\/salanca\\\/#website\"},\"primaryImageOfPage\":{\"@id\":\"https:\\\/\\\/www.centre-commercial.fr\\\/salanca\\\/news-centre\\\/plantes-addict-revient-a-salanca-2\\\/#primaryimage\"},\"image\":{\"@id\":\"https:\\\/\\\/www.centre-commercial.fr\\\/salanca\\\/news-centre\\\/plantes-addict-revient-a-salanca-2\\\/#primaryimage\"},\"thumbnailUrl\":\"https:\\\/\\\/www.centre-commercial.fr\\\/salanca\\\/wp-content\\\/uploads\\\/sites\\\/47\\\/2026\\\/08\\\/PLANTES-ADDICT-Visuel-newsletter-5.png\",\"datePublished\":\"2026-08-31T11:27:21+00:00\",\"dateModified\":\"2026-08-31T11:27:22+00:00\",\"breadcrumb\":{\"@id\":\"https:\\\/\\\/www.centre-commercial.fr\\\/salanca\\\/news-centre\\\/plantes-addict-revient-a-salanca-2\\\/#breadcrumb\"},\"inLanguage\":\"fr-FR\",\"potentialAction\":[{\"@type\":\"ReadAction\",\"target\":[\"https:\\\/\\\/www.centre-commercial.fr\\\/salanca\\\/news-centre\\\/plantes-addict-revient-a-salanca-2\\\/\"]}]},{\"@type\":\"ImageObject\",\"inLanguage\":\"fr-FR\",\"@id\":\"https:\\\/\\\/www.centre-commercial.fr\\\/salanca\\\/news-centre\\\/plantes-addict-revient-a-salanca-2\\\/#primaryimage\",\"url\":\"https:\\\/\\\/www.centre-commercial.fr\\\/salanca\\\/wp-content\\\/uploads\\\/sites\\\/47\\\/2026\\\/08\\\/PLANTES-ADDICT-Visuel-newsletter-5.png\",\"contentUrl\":\"https:\\\/\\\/www.centre-commercial.fr\\\/salanca\\\/wp-content\\\/uploads\\\/sites\\\/47\\\/2026\\\/08\\\/PLANTES-ADDICT-Visuel-newsletter-5.png\",\"width\":1200,\"height\":628},{\"@type\":\"BreadcrumbList\",\"@id\":\"https:\\\/\\\/www.centre-commercial.fr\\\/salanca\\\/news-centre\\\/plantes-addict-revient-a-salanca-2\\\/#breadcrumb\",\"itemListElement\":[{\"@type\":\"ListItem\",\"position\":1,\"name\":\"Accueil\",\"item\":\"https:\\\/\\\/www.centre-commercial.fr\\\/salanca\\\/\"},{\"@type\":\"ListItem\",\"position\":2,\"name\":\"News Centre\",\"item\":\"https:\\\/\\\/www.centre-commercial.fr\\\/salanca\\\/actus-shopping\\\/\"},{\"@type\":\"ListItem\",\"position\":3,\"name\":\"\ud83c\udf3f Plantes Addict revient \u00e0 Salanca !\",\"item\":\"https:\\\/\\\/www.centre-commercial.fr\\\/salanca\\\/news-centre\\\/plantes-addict-revient-a-salanca-2\\\/\"}]},{\"@type\":\"WebSite\",\"@id\":\"https:\\\/\\\/www.centre-commercial.fr\\\/salanca\\\/#website\",\"url\":\"https:\\\/\\\/www.centre-commercial.fr\\\/salanca\\\/\",\"name\":\"Centre commercial Carrefour Claira Salanca\",\"description\":\"\",\"publisher\":{\"@id\":\"https:\\\/\\\/www.centre-commercial.fr\\\/salanca\\\/#organization\"},\"potentialAction\":[{\"@type\":\"SearchAction\",\"target\":{\"@type\":\"EntryPoint\",\"urlTemplate\":\"https:\\\/\\\/www.centre-commercial.fr\\\/salanca\\\/?s={search_term_string}\"},\"query-input\":{\"@type\":\"PropertyValueSpecification\",\"valueRequired\":true,\"valueName\":\"search_term_string\"}}],\"inLanguage\":\"fr-FR\"},{\"@type\":\"Organization\",\"@id\":\"https:\\\/\\\/www.centre-commercial.fr\\\/salanca\\\/#organization\",\"name\":\"Centre commercial Carrefour Claira Salanca\",\"url\":\"https:\\\/\\\/www.centre-commercial.fr\\\/salanca\\\/\",\"logo\":{\"@type\":\"ImageObject\",\"inLanguage\":\"fr-FR\",\"@id\":\"https:\\\/\\\/www.centre-commercial.fr\\\/salanca\\\/#\\\/schema\\\/logo\\\/image\\\/\",\"url\":\"https:\\\/\\\/www.centre-commercial.fr\\\/salanca\\\/wp-content\\\/uploads\\\/sites\\\/47\\\/2019\\\/08\\\/cropped-Claira-Salanca.png\",\"contentUrl\":\"https:\\\/\\\/www.centre-commercial.fr\\\/salanca\\\/wp-content\\\/uploads\\\/sites\\\/47\\\/2019\\\/08\\\/cropped-Claira-Salanca.png\",\"width\":206,\"height\":70,\"caption\":\"Centre commercial Carrefour Claira Salanca\"},\"image\":{\"@id\":\"https:\\\/\\\/www.centre-commercial.fr\\\/salanca\\\/#\\\/schema\\\/logo\\\/image\\\/\"}}]}<\/script>\n<!-- \/ Yoast SEO plugin. -->","yoast_head_json":{"title":"\ud83c\udf3f Plantes Addict revient \u00e0 Salanca ! - Centre commercial Carrefour Claira Salanca","robots":{"index":"index","follow":"follow","max-snippet":"max-snippet:-1","max-image-preview":"max-image-preview:large","max-video-preview":"max-video-preview:-1"},"canonical":"https:\/\/www.centre-commercial.fr\/salanca\/news-centre\/plantes-addict-revient-a-salanca-2\/","og_locale":"fr_FR","og_type":"article","og_title":"\ud83c\udf3f Plantes Addict revient \u00e0 Salanca ! - Centre commercial Carrefour Claira Salanca","og_description":"Bonne nouvelle pour les amoureux des plantes ! \ud83c\udf31Plantes Addict revient au Centre Commercial Salanca ce samedi 5 septembre pour une grande vente de plantes \u00e0 petits prix ! D\u00e9couvrez un large choix de plus de 100 vari\u00e9t\u00e9s : Monstera, cactus, succulentes, Aloe Vera, Ficus\u2026 \ud83c\udf35\ud83e\udeb4 \ud83d\udc9a Petites et moyennes plantes : de 1 \u20ac [&hellip;]","og_url":"https:\/\/www.centre-commercial.fr\/salanca\/news-centre\/plantes-addict-revient-a-salanca-2\/","og_site_name":"Centre commercial Carrefour Claira Salanca","article_modified_time":"2026-08-31T11:27:22+00:00","og_image":[{"width":1200,"height":628,"url":"https:\/\/www.centre-commercial.fr\/salanca\/wp-content\/uploads\/sites\/47\/2026\/08\/PLANTES-ADDICT-Visuel-newsletter-5.png","type":"image\/png"}],"twitter_card":"summary_large_image","schema":{"@context":"https:\/\/schema.org","@graph":[{"@type":"WebPage","@id":"https:\/\/www.centre-commercial.fr\/salanca\/news-centre\/plantes-addict-revient-a-salanca-2\/","url":"https:\/\/www.centre-commercial.fr\/salanca\/news-centre\/plantes-addict-revient-a-salanca-2\/","name":"\ud83c\udf3f Plantes Addict revient \u00e0 Salanca ! - Centre commercial Carrefour Claira Salanca","isPartOf":{"@id":"https:\/\/www.centre-commercial.fr\/salanca\/#website"},"primaryImageOfPage":{"@id":"https:\/\/www.centre-commercial.fr\/salanca\/news-centre\/plantes-addict-revient-a-salanca-2\/#primaryimage"},"image":{"@id":"https:\/\/www.centre-commercial.fr\/salanca\/news-centre\/plantes-addict-revient-a-salanca-2\/#primaryimage"},"thumbnailUrl":"https:\/\/www.centre-commercial.fr\/salanca\/wp-content\/uploads\/sites\/47\/2026\/08\/PLANTES-ADDICT-Visuel-newsletter-5.png","datePublished":"2026-08-31T11:27:21+00:00","dateModified":"2026-08-31T11:27:22+00:00","breadcrumb":{"@id":"https:\/\/www.centre-commercial.fr\/salanca\/news-centre\/plantes-addict-revient-a-salanca-2\/#breadcrumb"},"inLanguage":"fr-FR","potentialAction":[{"@type":"ReadAction","target":["https:\/\/www.centre-commercial.fr\/salanca\/news-centre\/plantes-addict-revient-a-salanca-2\/"]}]},{"@type":"ImageObject","inLanguage":"fr-FR","@id":"https:\/\/www.centre-commercial.fr\/salanca\/news-centre\/plantes-addict-revient-a-salanca-2\/#primaryimage","url":"https:\/\/www.centre-commercial.fr\/salanca\/wp-content\/uploads\/sites\/47\/2026\/08\/PLANTES-ADDICT-Visuel-newsletter-5.png","contentUrl":"https:\/\/www.centre-commercial.fr\/salanca\/wp-content\/uploads\/sites\/47\/2026\/08\/PLANTES-ADDICT-Visuel-newsletter-5.png","width":1200,"height":628},{"@type":"BreadcrumbList","@id":"https:\/\/www.centre-commercial.fr\/salanca\/news-centre\/plantes-addict-revient-a-salanca-2\/#breadcrumb","itemListElement":[{"@type":"ListItem","position":1,"name":"Accueil","item":"https:\/\/www.centre-commercial.fr\/salanca\/"},{"@type":"ListItem","position":2,"name":"News Centre","item":"https:\/\/www.centre-commercial.fr\/salanca\/actus-shopping\/"},{"@type":"ListItem","position":3,"name":"\ud83c\udf3f Plantes Addict revient \u00e0 Salanca !","item":"https:\/\/www.centre-commercial.fr\/salanca\/news-centre\/plantes-addict-revient-a-salanca-2\/"}]},{"@type":"WebSite","@id":"https:\/\/www.centre-commercial.fr\/salanca\/#website","url":"https:\/\/www.centre-commercial.fr\/salanca\/","name":"Centre commercial Carrefour Claira Salanca","description":"","publisher":{"@id":"https:\/\/www.centre-commercial.fr\/salanca\/#organization"},"potentialAction":[{"@type":"SearchAction","target":{"@type":"EntryPoint","urlTemplate":"https:\/\/www.centre-commercial.fr\/salanca\/?s={search_term_string}"},"query-input":{"@type":"PropertyValueSpecification","valueRequired":true,"valueName":"search_term_string"}}],"inLanguage":"fr-FR"},{"@type":"Organization","@id":"https:\/\/www.centre-commercial.fr\/salanca\/#organization","name":"Centre commercial Carrefour Claira Salanca","url":"https:\/\/www.centre-commercial.fr\/salanca\/","logo":{"@type":"ImageObject","inLanguage":"fr-FR","@id":"https:\/\/www.centre-commercial.fr\/salanca\/#\/schema\/logo\/image\/","url":"https:\/\/www.centre-commercial.fr\/salanca\/wp-content\/uploads\/sites\/47\/2019\/08\/cropped-Claira-Salanca.png","contentUrl":"https:\/\/www.centre-commercial.fr\/salanca\/wp-content\/uploads\/sites\/47\/2019\/08\/cropped-Claira-Salanca.png","width":206,"height":70,"caption":"Centre commercial Carrefour Claira Salanca"},"image":{"@id":"https:\/\/www.centre-commercial.fr\/salanca\/#\/schema\/logo\/image\/"}}]}},"publishpress_future_action":{"enabled":true,"date":"2026-09-05 17:00:00","action":"change-status","newStatus":"draft","terms":[],"taxonomy":"","extraData":[]},"publishpress_future_workflow_manual_trigger":{"enabledWorkflows":[]},"_links":{"self":[{"href":"https:\/\/www.centre-commercial.fr\/salanca\/wp-json\/wp\/v2\/news-centre\/36611908","targetHints":{"allow":["GET"]}}],"collection":[{"href":"https:\/\/www.centre-commercial.fr\/salanca\/wp-json\/wp\/v2\/news-centre"}],"about":[{"href":"https:\/\/www.centre-commercial.fr\/salanca\/wp-json\/wp\/v2\/types\/news-centre"}],"author":[{"embeddable":true,"href":"https:\/\/www.centre-commercial.fr\/salanca\/wp-json\/wp\/v2\/users\/52464"}],"version-history":[{"count":1,"href":"https:\/\/www.centre-commercial.fr\/salanca\/wp-json\/wp\/v2\/news-centre\/36611908\/revisions"}],"predecessor-version":[{"id":36611910,"href":"https:\/\/www.centre-commercial.fr\/salanca\/wp-json\/wp\/v2\/news-centre\/36611908\/revisions\/36611910"}],"wp:featuredmedia":[{"embeddable":true,"href":"https:\/\/www.centre-commercial.fr\/salanca\/wp-json\/wp\/v2\/media\/36611909"}],"wp:attachment":[{"href":"https:\/\/www.centre-commercial.fr\/salanca\/wp-json\/wp\/v2\/media?parent=36611908"}],"curies":[{"name":"wp","href":"https:\/\/api.w.org\/{rel}","templated":true}]}}