{"id":36459675,"date":"2026-09-01T16:20:11","date_gmt":"2026-09-01T14:20:11","guid":{"rendered":"https:\/\/www.centre-commercial.fr\/place-darc\/?post_type=news-centre&#038;p=36459675"},"modified":"2026-09-01T16:20:12","modified_gmt":"2026-09-01T14:20:12","slug":"candidats-save-the-date","status":"publish","type":"news-centre","link":"https:\/\/www.centre-commercial.fr\/place-darc\/news-centre\/candidats-save-the-date\/","title":{"rendered":"\ud83d\udce3 CANDIDATS, SAVE THE DATE !"},"content":{"rendered":"\n<p>Vous recherchez un emploi, une alternance ou une nouvelle opportunit\u00e9 professionnelle ? Venez rencontrer directement les entreprises et les organismes qui recrutent lors du Forum de l\u2019Emploi de Place d\u2019Arc !<\/p>\n\n\n\n<p>\ud83d\udcc5 Mercredi 9 septembre<\/p>\n\n\n\n<p>\ud83d\udd51 De 14h \u00e0 18h<\/p>\n\n\n\n<p>\ud83d\udccd Centre commercial Place d\u2019Arc<\/p>\n\n\n\n<p>\ud83d\udcc4 Pensez \u00e0 venir avec plusieurs CV !<\/p>\n\n\n\n<p>Des offres d\u2019emploi et d\u2019alternance dans de nombreux secteurs d\u2019activit\u00e9 vous attendent. C\u2019est peut-\u00eatre le moment de d\u00e9crocher votre prochaine opportunit\u00e9 ! \ud83e\udd1d<\/p>\n\n\n\n<p>#ForumDeLEmploi #Emploi #Alternance #Recrutement #Job #RechercheEmploi #OffresEmploi #CV #Orl\u00e9ans #PlaceDArc #Loiret #CentreValDeLoire<\/p>\n","protected":false},"author":52455,"featured_media":36459676,"template":"","class_list":["post-36459675","news-centre","type-news-centre","status-publish","has-post-thumbnail","hentry"],"acf":[],"yoast_head":"<!-- This site is optimized with the Yoast SEO plugin v27.7 - https:\/\/yoast.com\/product\/yoast-seo-wordpress\/ -->\n<title>\ud83d\udce3 CANDIDATS, SAVE THE DATE ! - Centre Commercial Orl\u00e9ans Place d&#039;Arc<\/title>\n<meta name=\"robots\" content=\"index, follow, max-snippet:-1, max-image-preview:large, max-video-preview:-1\" \/>\n<link rel=\"canonical\" href=\"https:\/\/www.centre-commercial.fr\/place-darc\/news-centre\/candidats-save-the-date\/\" \/>\n<meta property=\"og:locale\" content=\"fr_FR\" \/>\n<meta property=\"og:type\" content=\"article\" \/>\n<meta property=\"og:title\" content=\"\ud83d\udce3 CANDIDATS, SAVE THE DATE ! - Centre Commercial Orl\u00e9ans Place d&#039;Arc\" \/>\n<meta property=\"og:description\" content=\"Vous recherchez un emploi, une alternance ou une nouvelle opportunit\u00e9 professionnelle ? Venez rencontrer directement les entreprises et les organismes qui recrutent lors du Forum de l\u2019Emploi de Place d\u2019Arc ! \ud83d\udcc5 Mercredi 9 septembre \ud83d\udd51 De 14h \u00e0 18h \ud83d\udccd Centre commercial Place d\u2019Arc \ud83d\udcc4 Pensez \u00e0 venir avec plusieurs CV ! Des offres [&hellip;]\" \/>\n<meta property=\"og:url\" content=\"https:\/\/www.centre-commercial.fr\/place-darc\/news-centre\/candidats-save-the-date\/\" \/>\n<meta property=\"og:site_name\" content=\"Centre Commercial Orl\u00e9ans Place d&#039;Arc\" \/>\n<meta property=\"article:modified_time\" content=\"2026-09-01T14:20:12+00:00\" \/>\n<meta property=\"og:image\" content=\"https:\/\/www.centre-commercial.fr\/place-darc\/wp-content\/uploads\/sites\/39\/2026\/09\/ChatGPT-Image-5-aout-2026-11_30_32-1.png\" \/>\n\t<meta property=\"og:image:width\" content=\"2048\" \/>\n\t<meta property=\"og:image:height\" content=\"734\" \/>\n\t<meta property=\"og:image:type\" content=\"image\/png\" \/>\n<meta name=\"twitter:card\" content=\"summary_large_image\" \/>\n<script type=\"application\/ld+json\" class=\"yoast-schema-graph\">{\"@context\":\"https:\\\/\\\/schema.org\",\"@graph\":[{\"@type\":\"WebPage\",\"@id\":\"https:\\\/\\\/www.centre-commercial.fr\\\/place-darc\\\/news-centre\\\/candidats-save-the-date\\\/\",\"url\":\"https:\\\/\\\/www.centre-commercial.fr\\\/place-darc\\\/news-centre\\\/candidats-save-the-date\\\/\",\"name\":\"\ud83d\udce3 CANDIDATS, SAVE THE DATE ! - Centre Commercial Orl\u00e9ans Place d&#039;Arc\",\"isPartOf\":{\"@id\":\"https:\\\/\\\/www.centre-commercial.fr\\\/place-darc\\\/#website\"},\"primaryImageOfPage\":{\"@id\":\"https:\\\/\\\/www.centre-commercial.fr\\\/place-darc\\\/news-centre\\\/candidats-save-the-date\\\/#primaryimage\"},\"image\":{\"@id\":\"https:\\\/\\\/www.centre-commercial.fr\\\/place-darc\\\/news-centre\\\/candidats-save-the-date\\\/#primaryimage\"},\"thumbnailUrl\":\"https:\\\/\\\/www.centre-commercial.fr\\\/place-darc\\\/wp-content\\\/uploads\\\/sites\\\/39\\\/2026\\\/09\\\/ChatGPT-Image-5-aout-2026-11_30_32-1.png\",\"datePublished\":\"2026-09-01T14:20:11+00:00\",\"dateModified\":\"2026-09-01T14:20:12+00:00\",\"breadcrumb\":{\"@id\":\"https:\\\/\\\/www.centre-commercial.fr\\\/place-darc\\\/news-centre\\\/candidats-save-the-date\\\/#breadcrumb\"},\"inLanguage\":\"fr-FR\",\"potentialAction\":[{\"@type\":\"ReadAction\",\"target\":[\"https:\\\/\\\/www.centre-commercial.fr\\\/place-darc\\\/news-centre\\\/candidats-save-the-date\\\/\"]}]},{\"@type\":\"ImageObject\",\"inLanguage\":\"fr-FR\",\"@id\":\"https:\\\/\\\/www.centre-commercial.fr\\\/place-darc\\\/news-centre\\\/candidats-save-the-date\\\/#primaryimage\",\"url\":\"https:\\\/\\\/www.centre-commercial.fr\\\/place-darc\\\/wp-content\\\/uploads\\\/sites\\\/39\\\/2026\\\/09\\\/ChatGPT-Image-5-aout-2026-11_30_32-1.png\",\"contentUrl\":\"https:\\\/\\\/www.centre-commercial.fr\\\/place-darc\\\/wp-content\\\/uploads\\\/sites\\\/39\\\/2026\\\/09\\\/ChatGPT-Image-5-aout-2026-11_30_32-1.png\",\"width\":2048,\"height\":734},{\"@type\":\"BreadcrumbList\",\"@id\":\"https:\\\/\\\/www.centre-commercial.fr\\\/place-darc\\\/news-centre\\\/candidats-save-the-date\\\/#breadcrumb\",\"itemListElement\":[{\"@type\":\"ListItem\",\"position\":1,\"name\":\"Accueil\",\"item\":\"https:\\\/\\\/www.centre-commercial.fr\\\/place-darc\\\/\"},{\"@type\":\"ListItem\",\"position\":2,\"name\":\"News Centre\",\"item\":\"https:\\\/\\\/www.centre-commercial.fr\\\/place-darc\\\/actus-shopping\\\/\"},{\"@type\":\"ListItem\",\"position\":3,\"name\":\"\ud83d\udce3 CANDIDATS, SAVE THE DATE !\",\"item\":\"https:\\\/\\\/www.centre-commercial.fr\\\/place-darc\\\/news-centre\\\/candidats-save-the-date\\\/\"}]},{\"@type\":\"WebSite\",\"@id\":\"https:\\\/\\\/www.centre-commercial.fr\\\/place-darc\\\/#website\",\"url\":\"https:\\\/\\\/www.centre-commercial.fr\\\/place-darc\\\/\",\"name\":\"Centre Commercial Orl\u00e9ans Place d&#039;Arc\",\"description\":\"\",\"publisher\":{\"@id\":\"https:\\\/\\\/www.centre-commercial.fr\\\/place-darc\\\/#organization\"},\"potentialAction\":[{\"@type\":\"SearchAction\",\"target\":{\"@type\":\"EntryPoint\",\"urlTemplate\":\"https:\\\/\\\/www.centre-commercial.fr\\\/place-darc\\\/?s={search_term_string}\"},\"query-input\":{\"@type\":\"PropertyValueSpecification\",\"valueRequired\":true,\"valueName\":\"search_term_string\"}}],\"inLanguage\":\"fr-FR\"},{\"@type\":\"Organization\",\"@id\":\"https:\\\/\\\/www.centre-commercial.fr\\\/place-darc\\\/#organization\",\"name\":\"Centre Commercial Orl\u00e9ans Place d&#039;Arc\",\"url\":\"https:\\\/\\\/www.centre-commercial.fr\\\/place-darc\\\/\",\"logo\":{\"@type\":\"ImageObject\",\"inLanguage\":\"fr-FR\",\"@id\":\"https:\\\/\\\/www.centre-commercial.fr\\\/place-darc\\\/#\\\/schema\\\/logo\\\/image\\\/\",\"url\":\"https:\\\/\\\/www.centre-commercial.fr\\\/place-darc\\\/wp-content\\\/uploads\\\/sites\\\/39\\\/2017\\\/04\\\/cropped-cropped-Place-dArc.png\",\"contentUrl\":\"https:\\\/\\\/www.centre-commercial.fr\\\/place-darc\\\/wp-content\\\/uploads\\\/sites\\\/39\\\/2017\\\/04\\\/cropped-cropped-Place-dArc.png\",\"width\":206,\"height\":70,\"caption\":\"Centre Commercial Orl\u00e9ans Place d&#039;Arc\"},\"image\":{\"@id\":\"https:\\\/\\\/www.centre-commercial.fr\\\/place-darc\\\/#\\\/schema\\\/logo\\\/image\\\/\"}}]}<\/script>\n<!-- \/ Yoast SEO plugin. -->","yoast_head_json":{"title":"\ud83d\udce3 CANDIDATS, SAVE THE DATE ! - Centre Commercial Orl\u00e9ans Place d&#039;Arc","robots":{"index":"index","follow":"follow","max-snippet":"max-snippet:-1","max-image-preview":"max-image-preview:large","max-video-preview":"max-video-preview:-1"},"canonical":"https:\/\/www.centre-commercial.fr\/place-darc\/news-centre\/candidats-save-the-date\/","og_locale":"fr_FR","og_type":"article","og_title":"\ud83d\udce3 CANDIDATS, SAVE THE DATE ! - Centre Commercial Orl\u00e9ans Place d&#039;Arc","og_description":"Vous recherchez un emploi, une alternance ou une nouvelle opportunit\u00e9 professionnelle ? Venez rencontrer directement les entreprises et les organismes qui recrutent lors du Forum de l\u2019Emploi de Place d\u2019Arc ! \ud83d\udcc5 Mercredi 9 septembre \ud83d\udd51 De 14h \u00e0 18h \ud83d\udccd Centre commercial Place d\u2019Arc \ud83d\udcc4 Pensez \u00e0 venir avec plusieurs CV ! Des offres [&hellip;]","og_url":"https:\/\/www.centre-commercial.fr\/place-darc\/news-centre\/candidats-save-the-date\/","og_site_name":"Centre Commercial Orl\u00e9ans Place d&#039;Arc","article_modified_time":"2026-09-01T14:20:12+00:00","og_image":[{"width":2048,"height":734,"url":"https:\/\/www.centre-commercial.fr\/place-darc\/wp-content\/uploads\/sites\/39\/2026\/09\/ChatGPT-Image-5-aout-2026-11_30_32-1.png","type":"image\/png"}],"twitter_card":"summary_large_image","schema":{"@context":"https:\/\/schema.org","@graph":[{"@type":"WebPage","@id":"https:\/\/www.centre-commercial.fr\/place-darc\/news-centre\/candidats-save-the-date\/","url":"https:\/\/www.centre-commercial.fr\/place-darc\/news-centre\/candidats-save-the-date\/","name":"\ud83d\udce3 CANDIDATS, SAVE THE DATE ! - Centre Commercial Orl\u00e9ans Place d&#039;Arc","isPartOf":{"@id":"https:\/\/www.centre-commercial.fr\/place-darc\/#website"},"primaryImageOfPage":{"@id":"https:\/\/www.centre-commercial.fr\/place-darc\/news-centre\/candidats-save-the-date\/#primaryimage"},"image":{"@id":"https:\/\/www.centre-commercial.fr\/place-darc\/news-centre\/candidats-save-the-date\/#primaryimage"},"thumbnailUrl":"https:\/\/www.centre-commercial.fr\/place-darc\/wp-content\/uploads\/sites\/39\/2026\/09\/ChatGPT-Image-5-aout-2026-11_30_32-1.png","datePublished":"2026-09-01T14:20:11+00:00","dateModified":"2026-09-01T14:20:12+00:00","breadcrumb":{"@id":"https:\/\/www.centre-commercial.fr\/place-darc\/news-centre\/candidats-save-the-date\/#breadcrumb"},"inLanguage":"fr-FR","potentialAction":[{"@type":"ReadAction","target":["https:\/\/www.centre-commercial.fr\/place-darc\/news-centre\/candidats-save-the-date\/"]}]},{"@type":"ImageObject","inLanguage":"fr-FR","@id":"https:\/\/www.centre-commercial.fr\/place-darc\/news-centre\/candidats-save-the-date\/#primaryimage","url":"https:\/\/www.centre-commercial.fr\/place-darc\/wp-content\/uploads\/sites\/39\/2026\/09\/ChatGPT-Image-5-aout-2026-11_30_32-1.png","contentUrl":"https:\/\/www.centre-commercial.fr\/place-darc\/wp-content\/uploads\/sites\/39\/2026\/09\/ChatGPT-Image-5-aout-2026-11_30_32-1.png","width":2048,"height":734},{"@type":"BreadcrumbList","@id":"https:\/\/www.centre-commercial.fr\/place-darc\/news-centre\/candidats-save-the-date\/#breadcrumb","itemListElement":[{"@type":"ListItem","position":1,"name":"Accueil","item":"https:\/\/www.centre-commercial.fr\/place-darc\/"},{"@type":"ListItem","position":2,"name":"News Centre","item":"https:\/\/www.centre-commercial.fr\/place-darc\/actus-shopping\/"},{"@type":"ListItem","position":3,"name":"\ud83d\udce3 CANDIDATS, SAVE THE DATE !","item":"https:\/\/www.centre-commercial.fr\/place-darc\/news-centre\/candidats-save-the-date\/"}]},{"@type":"WebSite","@id":"https:\/\/www.centre-commercial.fr\/place-darc\/#website","url":"https:\/\/www.centre-commercial.fr\/place-darc\/","name":"Centre Commercial Orl\u00e9ans Place d&#039;Arc","description":"","publisher":{"@id":"https:\/\/www.centre-commercial.fr\/place-darc\/#organization"},"potentialAction":[{"@type":"SearchAction","target":{"@type":"EntryPoint","urlTemplate":"https:\/\/www.centre-commercial.fr\/place-darc\/?s={search_term_string}"},"query-input":{"@type":"PropertyValueSpecification","valueRequired":true,"valueName":"search_term_string"}}],"inLanguage":"fr-FR"},{"@type":"Organization","@id":"https:\/\/www.centre-commercial.fr\/place-darc\/#organization","name":"Centre Commercial Orl\u00e9ans Place d&#039;Arc","url":"https:\/\/www.centre-commercial.fr\/place-darc\/","logo":{"@type":"ImageObject","inLanguage":"fr-FR","@id":"https:\/\/www.centre-commercial.fr\/place-darc\/#\/schema\/logo\/image\/","url":"https:\/\/www.centre-commercial.fr\/place-darc\/wp-content\/uploads\/sites\/39\/2017\/04\/cropped-cropped-Place-dArc.png","contentUrl":"https:\/\/www.centre-commercial.fr\/place-darc\/wp-content\/uploads\/sites\/39\/2017\/04\/cropped-cropped-Place-dArc.png","width":206,"height":70,"caption":"Centre Commercial Orl\u00e9ans Place d&#039;Arc"},"image":{"@id":"https:\/\/www.centre-commercial.fr\/place-darc\/#\/schema\/logo\/image\/"}}]}},"publishpress_future_action":{"enabled":true,"date":"2026-09-10 01:17:00","action":"delete","newStatus":"draft","terms":[],"taxonomy":"","extraData":[]},"publishpress_future_workflow_manual_trigger":{"enabledWorkflows":[]},"_links":{"self":[{"href":"https:\/\/www.centre-commercial.fr\/place-darc\/wp-json\/wp\/v2\/news-centre\/36459675","targetHints":{"allow":["GET"]}}],"collection":[{"href":"https:\/\/www.centre-commercial.fr\/place-darc\/wp-json\/wp\/v2\/news-centre"}],"about":[{"href":"https:\/\/www.centre-commercial.fr\/place-darc\/wp-json\/wp\/v2\/types\/news-centre"}],"author":[{"embeddable":true,"href":"https:\/\/www.centre-commercial.fr\/place-darc\/wp-json\/wp\/v2\/users\/52455"}],"version-history":[{"count":1,"href":"https:\/\/www.centre-commercial.fr\/place-darc\/wp-json\/wp\/v2\/news-centre\/36459675\/revisions"}],"predecessor-version":[{"id":36459677,"href":"https:\/\/www.centre-commercial.fr\/place-darc\/wp-json\/wp\/v2\/news-centre\/36459675\/revisions\/36459677"}],"wp:featuredmedia":[{"embeddable":true,"href":"https:\/\/www.centre-commercial.fr\/place-darc\/wp-json\/wp\/v2\/media\/36459676"}],"wp:attachment":[{"href":"https:\/\/www.centre-commercial.fr\/place-darc\/wp-json\/wp\/v2\/media?parent=36459675"}],"curies":[{"name":"wp","href":"https:\/\/api.w.org\/{rel}","templated":true}]}}