{"id":36387547,"date":"2024-06-04T07:47:00","date_gmt":"2024-06-04T05:47:00","guid":{"rendered":"https:\/\/www.centre-commercial.fr\/place-darc\/?post_type=news-boutique&#038;p=36387547"},"modified":"2024-05-31T10:54:59","modified_gmt":"2024-05-31T08:54:59","slug":"en-ce-moment-chez-undiz","status":"publish","type":"news-boutique","link":"https:\/\/www.centre-commercial.fr\/place-darc\/news-boutique\/en-ce-moment-chez-undiz\/","title":{"rendered":"En ce moment chez Undiz !"},"content":{"rendered":"\n<p><strong><em>Show Your Best Lines,&nbsp;ou&nbsp;comment&nbsp;Undiz&nbsp;et Nyx&nbsp;s&rsquo;unissent&nbsp;pour&nbsp;c\u00e9l\u00e9brer&nbsp;la&nbsp;confiance&nbsp;en&nbsp;soi \u00e0&nbsp;travers&nbsp;une&nbsp;m\u00eame&nbsp;vision :&nbsp;\u00eatre&nbsp;fier&nbsp;de son corps&nbsp;pour&nbsp;c\u00e9l\u00e9brer&nbsp;sa&nbsp;propre&nbsp;beaut\u00e9. Un seul mot&nbsp;d&rsquo;ordre&nbsp;:&nbsp;faites&nbsp;parler&nbsp;votre&nbsp;style pour&nbsp;exprimer&nbsp;qui&nbsp;vous&nbsp;\u00eates&nbsp;!\u200b<\/em><\/strong><\/p>\n\n\n\n<p><strong><em>Avec&nbsp;une&nbsp;expertise&nbsp;reconnue&nbsp;dans le maquillage&nbsp;professionnel&nbsp;et la lingerie, nous&nbsp;unissons&nbsp;nos&nbsp;talents pour&nbsp;offrir&nbsp;une&nbsp;collection capsule tendance&nbsp;et accessible,&nbsp;quels&nbsp;que&nbsp;soient&nbsp;votre&nbsp;taille,&nbsp;votre&nbsp;carnation,&nbsp;ou&nbsp;votre&nbsp;genre.\u200b<\/em><\/strong><\/p>\n\n\n\n<p><strong><em>Ensemble, nous&nbsp;avons&nbsp;imagin\u00e9&nbsp;une&nbsp;collection&nbsp;capsule exclusive : un top&nbsp;unisexe, deux&nbsp;eyliners&nbsp;ultra&nbsp;color\u00e9s&nbsp;et un maillot de&nbsp;bain&nbsp;dans la tendance&nbsp;Y2K avec&nbsp;sa&nbsp;d\u00e9coupe&nbsp;en&nbsp;forme&nbsp;de&nbsp;c\u0153ur&nbsp;au bas des&nbsp;reins pour un&nbsp;bronzage&nbsp;so 2000s. Des&nbsp;pi\u00e8ces&nbsp;\u00e0&nbsp;notre&nbsp;image :&nbsp;uniques&nbsp;et&nbsp;cr\u00e9atives, modes et&nbsp;color\u00e9es.\u200b<\/em><\/strong><\/p>\n\n\n\n<p><strong><em>Quand la&nbsp;beaut\u00e9&nbsp;rencontre la&nbsp;confiance&nbsp;en&nbsp;soi,&nbsp;o\u00f9&nbsp;chaque&nbsp;courbe&nbsp;raconte&nbsp;une&nbsp;histoire, nous&nbsp;c\u00e9l\u00e9brons&nbsp;ensemble&nbsp;l&rsquo;expression&nbsp;de soi. De la&nbsp;courbe&nbsp;de&nbsp;vos&nbsp;yeux&nbsp;aux&nbsp;courbes&nbsp;de&nbsp;vos&nbsp;hanches,&nbsp;\u00ab\u00a0Show Your Best Lines\u00a0\u00bb&nbsp;vous&nbsp;invite au&nbsp;mouvement,&nbsp;pour tracer et&nbsp;sublimer&nbsp;chaque&nbsp;partie&nbsp;de&nbsp;votre&nbsp;corps,&nbsp;chaque&nbsp;ligne&nbsp;de&nbsp;votre&nbsp;make up. Un seul mot&nbsp;d&rsquo;ordre&nbsp;: \u00ab\u00a0show your lines with pride\u00a0\u00bb !&nbsp;<\/em><\/strong><\/p>\n","protected":false},"author":46689,"featured_media":36387548,"template":"","class_list":["post-36387547","news-boutique","type-news-boutique","status-publish","has-post-thumbnail","hentry"],"acf":[],"yoast_head":"<!-- This site is optimized with the Yoast SEO plugin v27.7 - https:\/\/yoast.com\/product\/yoast-seo-wordpress\/ -->\n<title>En ce moment chez Undiz ! - Centre Commercial Orl\u00e9ans Place d&#039;Arc<\/title>\n<meta name=\"robots\" content=\"index, follow, max-snippet:-1, max-image-preview:large, max-video-preview:-1\" \/>\n<link rel=\"canonical\" href=\"https:\/\/www.centre-commercial.fr\/place-darc\/news-boutique\/en-ce-moment-chez-undiz\/\" \/>\n<meta property=\"og:locale\" content=\"fr_FR\" \/>\n<meta property=\"og:type\" content=\"article\" \/>\n<meta property=\"og:title\" content=\"En ce moment chez Undiz ! - Centre Commercial Orl\u00e9ans Place d&#039;Arc\" \/>\n<meta property=\"og:description\" content=\"Show Your Best Lines,&nbsp;ou&nbsp;comment&nbsp;Undiz&nbsp;et Nyx&nbsp;s&rsquo;unissent&nbsp;pour&nbsp;c\u00e9l\u00e9brer&nbsp;la&nbsp;confiance&nbsp;en&nbsp;soi \u00e0&nbsp;travers&nbsp;une&nbsp;m\u00eame&nbsp;vision :&nbsp;\u00eatre&nbsp;fier&nbsp;de son corps&nbsp;pour&nbsp;c\u00e9l\u00e9brer&nbsp;sa&nbsp;propre&nbsp;beaut\u00e9. Un seul mot&nbsp;d&rsquo;ordre&nbsp;:&nbsp;faites&nbsp;parler&nbsp;votre&nbsp;style pour&nbsp;exprimer&nbsp;qui&nbsp;vous&nbsp;\u00eates&nbsp;!\u200b Avec&nbsp;une&nbsp;expertise&nbsp;reconnue&nbsp;dans le maquillage&nbsp;professionnel&nbsp;et la lingerie, nous&nbsp;unissons&nbsp;nos&nbsp;talents pour&nbsp;offrir&nbsp;une&nbsp;collection capsule tendance&nbsp;et accessible,&nbsp;quels&nbsp;que&nbsp;soient&nbsp;votre&nbsp;taille,&nbsp;votre&nbsp;carnation,&nbsp;ou&nbsp;votre&nbsp;genre.\u200b Ensemble, nous&nbsp;avons&nbsp;imagin\u00e9&nbsp;une&nbsp;collection&nbsp;capsule exclusive : un top&nbsp;unisexe, deux&nbsp;eyliners&nbsp;ultra&nbsp;color\u00e9s&nbsp;et un maillot de&nbsp;bain&nbsp;dans la tendance&nbsp;Y2K avec&nbsp;sa&nbsp;d\u00e9coupe&nbsp;en&nbsp;forme&nbsp;de&nbsp;c\u0153ur&nbsp;au bas des&nbsp;reins pour un&nbsp;bronzage&nbsp;so 2000s. Des&nbsp;pi\u00e8ces&nbsp;\u00e0&nbsp;notre&nbsp;image :&nbsp;uniques&nbsp;et&nbsp;cr\u00e9atives, modes et&nbsp;color\u00e9es.\u200b Quand la&nbsp;beaut\u00e9&nbsp;rencontre la&nbsp;confiance&nbsp;en&nbsp;soi,&nbsp;o\u00f9&nbsp;chaque&nbsp;courbe&nbsp;raconte&nbsp;une&nbsp;histoire, nous&nbsp;c\u00e9l\u00e9brons&nbsp;ensemble&nbsp;l&rsquo;expression&nbsp;de soi. De la&nbsp;courbe&nbsp;de&nbsp;vos&nbsp;yeux&nbsp;aux&nbsp;courbes&nbsp;de&nbsp;vos&nbsp;hanches,&nbsp;\u00ab\u00a0Show Your Best Lines\u00a0\u00bb&nbsp;vous&nbsp;invite [&hellip;]\" \/>\n<meta property=\"og:url\" content=\"https:\/\/www.centre-commercial.fr\/place-darc\/news-boutique\/en-ce-moment-chez-undiz\/\" \/>\n<meta property=\"og:site_name\" content=\"Centre Commercial Orl\u00e9ans Place d&#039;Arc\" \/>\n<meta property=\"og:image\" content=\"https:\/\/www.centre-commercial.fr\/place-darc\/wp-content\/uploads\/sites\/39\/2024\/05\/732x500px.jpg\" \/>\n\t<meta property=\"og:image:width\" content=\"732\" \/>\n\t<meta property=\"og:image:height\" content=\"500\" \/>\n\t<meta property=\"og:image:type\" content=\"image\/jpeg\" \/>\n<meta name=\"twitter:card\" content=\"summary_large_image\" \/>\n<meta name=\"twitter:label1\" content=\"Dur\u00e9e de lecture estim\u00e9e\" \/>\n\t<meta name=\"twitter:data1\" content=\"2 minutes\" \/>\n<script type=\"application\/ld+json\" class=\"yoast-schema-graph\">{\"@context\":\"https:\\\/\\\/schema.org\",\"@graph\":[{\"@type\":\"WebPage\",\"@id\":\"https:\\\/\\\/www.centre-commercial.fr\\\/place-darc\\\/news-boutique\\\/en-ce-moment-chez-undiz\\\/\",\"url\":\"https:\\\/\\\/www.centre-commercial.fr\\\/place-darc\\\/news-boutique\\\/en-ce-moment-chez-undiz\\\/\",\"name\":\"En ce moment chez Undiz ! - Centre Commercial Orl\u00e9ans Place d&#039;Arc\",\"isPartOf\":{\"@id\":\"https:\\\/\\\/www.centre-commercial.fr\\\/place-darc\\\/#website\"},\"primaryImageOfPage\":{\"@id\":\"https:\\\/\\\/www.centre-commercial.fr\\\/place-darc\\\/news-boutique\\\/en-ce-moment-chez-undiz\\\/#primaryimage\"},\"image\":{\"@id\":\"https:\\\/\\\/www.centre-commercial.fr\\\/place-darc\\\/news-boutique\\\/en-ce-moment-chez-undiz\\\/#primaryimage\"},\"thumbnailUrl\":\"https:\\\/\\\/www.centre-commercial.fr\\\/place-darc\\\/wp-content\\\/uploads\\\/sites\\\/39\\\/2024\\\/05\\\/732x500px.jpg\",\"datePublished\":\"2024-06-04T05:47:00+00:00\",\"breadcrumb\":{\"@id\":\"https:\\\/\\\/www.centre-commercial.fr\\\/place-darc\\\/news-boutique\\\/en-ce-moment-chez-undiz\\\/#breadcrumb\"},\"inLanguage\":\"fr-FR\",\"potentialAction\":[{\"@type\":\"ReadAction\",\"target\":[\"https:\\\/\\\/www.centre-commercial.fr\\\/place-darc\\\/news-boutique\\\/en-ce-moment-chez-undiz\\\/\"]}]},{\"@type\":\"ImageObject\",\"inLanguage\":\"fr-FR\",\"@id\":\"https:\\\/\\\/www.centre-commercial.fr\\\/place-darc\\\/news-boutique\\\/en-ce-moment-chez-undiz\\\/#primaryimage\",\"url\":\"https:\\\/\\\/www.centre-commercial.fr\\\/place-darc\\\/wp-content\\\/uploads\\\/sites\\\/39\\\/2024\\\/05\\\/732x500px.jpg\",\"contentUrl\":\"https:\\\/\\\/www.centre-commercial.fr\\\/place-darc\\\/wp-content\\\/uploads\\\/sites\\\/39\\\/2024\\\/05\\\/732x500px.jpg\",\"width\":732,\"height\":500},{\"@type\":\"BreadcrumbList\",\"@id\":\"https:\\\/\\\/www.centre-commercial.fr\\\/place-darc\\\/news-boutique\\\/en-ce-moment-chez-undiz\\\/#breadcrumb\",\"itemListElement\":[{\"@type\":\"ListItem\",\"position\":1,\"name\":\"Accueil\",\"item\":\"https:\\\/\\\/www.centre-commercial.fr\\\/place-darc\\\/\"},{\"@type\":\"ListItem\",\"position\":2,\"name\":\"En ce moment chez Undiz !\",\"item\":\"https:\\\/\\\/www.centre-commercial.fr\\\/place-darc\\\/news-boutique\\\/en-ce-moment-chez-undiz\\\/\"}]},{\"@type\":\"WebSite\",\"@id\":\"https:\\\/\\\/www.centre-commercial.fr\\\/place-darc\\\/#website\",\"url\":\"https:\\\/\\\/www.centre-commercial.fr\\\/place-darc\\\/\",\"name\":\"Centre Commercial Orl\u00e9ans Place d&#039;Arc\",\"description\":\"\",\"publisher\":{\"@id\":\"https:\\\/\\\/www.centre-commercial.fr\\\/place-darc\\\/#organization\"},\"potentialAction\":[{\"@type\":\"SearchAction\",\"target\":{\"@type\":\"EntryPoint\",\"urlTemplate\":\"https:\\\/\\\/www.centre-commercial.fr\\\/place-darc\\\/?s={search_term_string}\"},\"query-input\":{\"@type\":\"PropertyValueSpecification\",\"valueRequired\":true,\"valueName\":\"search_term_string\"}}],\"inLanguage\":\"fr-FR\"},{\"@type\":\"Organization\",\"@id\":\"https:\\\/\\\/www.centre-commercial.fr\\\/place-darc\\\/#organization\",\"name\":\"Centre Commercial Orl\u00e9ans Place d&#039;Arc\",\"url\":\"https:\\\/\\\/www.centre-commercial.fr\\\/place-darc\\\/\",\"logo\":{\"@type\":\"ImageObject\",\"inLanguage\":\"fr-FR\",\"@id\":\"https:\\\/\\\/www.centre-commercial.fr\\\/place-darc\\\/#\\\/schema\\\/logo\\\/image\\\/\",\"url\":\"https:\\\/\\\/www.centre-commercial.fr\\\/place-darc\\\/wp-content\\\/uploads\\\/sites\\\/39\\\/2017\\\/04\\\/cropped-cropped-Place-dArc.png\",\"contentUrl\":\"https:\\\/\\\/www.centre-commercial.fr\\\/place-darc\\\/wp-content\\\/uploads\\\/sites\\\/39\\\/2017\\\/04\\\/cropped-cropped-Place-dArc.png\",\"width\":206,\"height\":70,\"caption\":\"Centre Commercial Orl\u00e9ans Place d&#039;Arc\"},\"image\":{\"@id\":\"https:\\\/\\\/www.centre-commercial.fr\\\/place-darc\\\/#\\\/schema\\\/logo\\\/image\\\/\"}}]}<\/script>\n<!-- \/ Yoast SEO plugin. -->","yoast_head_json":{"title":"En ce moment chez Undiz ! - Centre Commercial Orl\u00e9ans Place d&#039;Arc","robots":{"index":"index","follow":"follow","max-snippet":"max-snippet:-1","max-image-preview":"max-image-preview:large","max-video-preview":"max-video-preview:-1"},"canonical":"https:\/\/www.centre-commercial.fr\/place-darc\/news-boutique\/en-ce-moment-chez-undiz\/","og_locale":"fr_FR","og_type":"article","og_title":"En ce moment chez Undiz ! - Centre Commercial Orl\u00e9ans Place d&#039;Arc","og_description":"Show Your Best Lines,&nbsp;ou&nbsp;comment&nbsp;Undiz&nbsp;et Nyx&nbsp;s&rsquo;unissent&nbsp;pour&nbsp;c\u00e9l\u00e9brer&nbsp;la&nbsp;confiance&nbsp;en&nbsp;soi \u00e0&nbsp;travers&nbsp;une&nbsp;m\u00eame&nbsp;vision :&nbsp;\u00eatre&nbsp;fier&nbsp;de son corps&nbsp;pour&nbsp;c\u00e9l\u00e9brer&nbsp;sa&nbsp;propre&nbsp;beaut\u00e9. Un seul mot&nbsp;d&rsquo;ordre&nbsp;:&nbsp;faites&nbsp;parler&nbsp;votre&nbsp;style pour&nbsp;exprimer&nbsp;qui&nbsp;vous&nbsp;\u00eates&nbsp;!\u200b Avec&nbsp;une&nbsp;expertise&nbsp;reconnue&nbsp;dans le maquillage&nbsp;professionnel&nbsp;et la lingerie, nous&nbsp;unissons&nbsp;nos&nbsp;talents pour&nbsp;offrir&nbsp;une&nbsp;collection capsule tendance&nbsp;et accessible,&nbsp;quels&nbsp;que&nbsp;soient&nbsp;votre&nbsp;taille,&nbsp;votre&nbsp;carnation,&nbsp;ou&nbsp;votre&nbsp;genre.\u200b Ensemble, nous&nbsp;avons&nbsp;imagin\u00e9&nbsp;une&nbsp;collection&nbsp;capsule exclusive : un top&nbsp;unisexe, deux&nbsp;eyliners&nbsp;ultra&nbsp;color\u00e9s&nbsp;et un maillot de&nbsp;bain&nbsp;dans la tendance&nbsp;Y2K avec&nbsp;sa&nbsp;d\u00e9coupe&nbsp;en&nbsp;forme&nbsp;de&nbsp;c\u0153ur&nbsp;au bas des&nbsp;reins pour un&nbsp;bronzage&nbsp;so 2000s. Des&nbsp;pi\u00e8ces&nbsp;\u00e0&nbsp;notre&nbsp;image :&nbsp;uniques&nbsp;et&nbsp;cr\u00e9atives, modes et&nbsp;color\u00e9es.\u200b Quand la&nbsp;beaut\u00e9&nbsp;rencontre la&nbsp;confiance&nbsp;en&nbsp;soi,&nbsp;o\u00f9&nbsp;chaque&nbsp;courbe&nbsp;raconte&nbsp;une&nbsp;histoire, nous&nbsp;c\u00e9l\u00e9brons&nbsp;ensemble&nbsp;l&rsquo;expression&nbsp;de soi. De la&nbsp;courbe&nbsp;de&nbsp;vos&nbsp;yeux&nbsp;aux&nbsp;courbes&nbsp;de&nbsp;vos&nbsp;hanches,&nbsp;\u00ab\u00a0Show Your Best Lines\u00a0\u00bb&nbsp;vous&nbsp;invite [&hellip;]","og_url":"https:\/\/www.centre-commercial.fr\/place-darc\/news-boutique\/en-ce-moment-chez-undiz\/","og_site_name":"Centre Commercial Orl\u00e9ans Place d&#039;Arc","og_image":[{"width":732,"height":500,"url":"https:\/\/www.centre-commercial.fr\/place-darc\/wp-content\/uploads\/sites\/39\/2024\/05\/732x500px.jpg","type":"image\/jpeg"}],"twitter_card":"summary_large_image","twitter_misc":{"Dur\u00e9e de lecture estim\u00e9e":"2 minutes"},"schema":{"@context":"https:\/\/schema.org","@graph":[{"@type":"WebPage","@id":"https:\/\/www.centre-commercial.fr\/place-darc\/news-boutique\/en-ce-moment-chez-undiz\/","url":"https:\/\/www.centre-commercial.fr\/place-darc\/news-boutique\/en-ce-moment-chez-undiz\/","name":"En ce moment chez Undiz ! - Centre Commercial Orl\u00e9ans Place d&#039;Arc","isPartOf":{"@id":"https:\/\/www.centre-commercial.fr\/place-darc\/#website"},"primaryImageOfPage":{"@id":"https:\/\/www.centre-commercial.fr\/place-darc\/news-boutique\/en-ce-moment-chez-undiz\/#primaryimage"},"image":{"@id":"https:\/\/www.centre-commercial.fr\/place-darc\/news-boutique\/en-ce-moment-chez-undiz\/#primaryimage"},"thumbnailUrl":"https:\/\/www.centre-commercial.fr\/place-darc\/wp-content\/uploads\/sites\/39\/2024\/05\/732x500px.jpg","datePublished":"2024-06-04T05:47:00+00:00","breadcrumb":{"@id":"https:\/\/www.centre-commercial.fr\/place-darc\/news-boutique\/en-ce-moment-chez-undiz\/#breadcrumb"},"inLanguage":"fr-FR","potentialAction":[{"@type":"ReadAction","target":["https:\/\/www.centre-commercial.fr\/place-darc\/news-boutique\/en-ce-moment-chez-undiz\/"]}]},{"@type":"ImageObject","inLanguage":"fr-FR","@id":"https:\/\/www.centre-commercial.fr\/place-darc\/news-boutique\/en-ce-moment-chez-undiz\/#primaryimage","url":"https:\/\/www.centre-commercial.fr\/place-darc\/wp-content\/uploads\/sites\/39\/2024\/05\/732x500px.jpg","contentUrl":"https:\/\/www.centre-commercial.fr\/place-darc\/wp-content\/uploads\/sites\/39\/2024\/05\/732x500px.jpg","width":732,"height":500},{"@type":"BreadcrumbList","@id":"https:\/\/www.centre-commercial.fr\/place-darc\/news-boutique\/en-ce-moment-chez-undiz\/#breadcrumb","itemListElement":[{"@type":"ListItem","position":1,"name":"Accueil","item":"https:\/\/www.centre-commercial.fr\/place-darc\/"},{"@type":"ListItem","position":2,"name":"En ce moment chez Undiz !","item":"https:\/\/www.centre-commercial.fr\/place-darc\/news-boutique\/en-ce-moment-chez-undiz\/"}]},{"@type":"WebSite","@id":"https:\/\/www.centre-commercial.fr\/place-darc\/#website","url":"https:\/\/www.centre-commercial.fr\/place-darc\/","name":"Centre Commercial Orl\u00e9ans Place d&#039;Arc","description":"","publisher":{"@id":"https:\/\/www.centre-commercial.fr\/place-darc\/#organization"},"potentialAction":[{"@type":"SearchAction","target":{"@type":"EntryPoint","urlTemplate":"https:\/\/www.centre-commercial.fr\/place-darc\/?s={search_term_string}"},"query-input":{"@type":"PropertyValueSpecification","valueRequired":true,"valueName":"search_term_string"}}],"inLanguage":"fr-FR"},{"@type":"Organization","@id":"https:\/\/www.centre-commercial.fr\/place-darc\/#organization","name":"Centre Commercial Orl\u00e9ans Place d&#039;Arc","url":"https:\/\/www.centre-commercial.fr\/place-darc\/","logo":{"@type":"ImageObject","inLanguage":"fr-FR","@id":"https:\/\/www.centre-commercial.fr\/place-darc\/#\/schema\/logo\/image\/","url":"https:\/\/www.centre-commercial.fr\/place-darc\/wp-content\/uploads\/sites\/39\/2017\/04\/cropped-cropped-Place-dArc.png","contentUrl":"https:\/\/www.centre-commercial.fr\/place-darc\/wp-content\/uploads\/sites\/39\/2017\/04\/cropped-cropped-Place-dArc.png","width":206,"height":70,"caption":"Centre Commercial Orl\u00e9ans Place d&#039;Arc"},"image":{"@id":"https:\/\/www.centre-commercial.fr\/place-darc\/#\/schema\/logo\/image\/"}}]}},"publishpress_future_action":{"enabled":false,"date":"2026-09-08 23:42:22","action":"change-status","newStatus":"draft","terms":[],"taxonomy":"","extraData":[]},"publishpress_future_workflow_manual_trigger":{"enabledWorkflows":[]},"_links":{"self":[{"href":"https:\/\/www.centre-commercial.fr\/place-darc\/wp-json\/wp\/v2\/news-boutique\/36387547","targetHints":{"allow":["GET"]}}],"collection":[{"href":"https:\/\/www.centre-commercial.fr\/place-darc\/wp-json\/wp\/v2\/news-boutique"}],"about":[{"href":"https:\/\/www.centre-commercial.fr\/place-darc\/wp-json\/wp\/v2\/types\/news-boutique"}],"author":[{"embeddable":true,"href":"https:\/\/www.centre-commercial.fr\/place-darc\/wp-json\/wp\/v2\/users\/46689"}],"version-history":[{"count":1,"href":"https:\/\/www.centre-commercial.fr\/place-darc\/wp-json\/wp\/v2\/news-boutique\/36387547\/revisions"}],"predecessor-version":[{"id":36387549,"href":"https:\/\/www.centre-commercial.fr\/place-darc\/wp-json\/wp\/v2\/news-boutique\/36387547\/revisions\/36387549"}],"wp:featuredmedia":[{"embeddable":true,"href":"https:\/\/www.centre-commercial.fr\/place-darc\/wp-json\/wp\/v2\/media\/36387548"}],"wp:attachment":[{"href":"https:\/\/www.centre-commercial.fr\/place-darc\/wp-json\/wp\/v2\/media?parent=36387547"}],"curies":[{"name":"wp","href":"https:\/\/api.w.org\/{rel}","templated":true}]}}