{"id":36486818,"date":"2026-08-20T10:50:37","date_gmt":"2026-08-20T08:50:37","guid":{"rendered":"https:\/\/www.centre-commercial.fr\/carrefour-vannes\/?post_type=news-centre&#038;p=36486818"},"modified":"2026-08-20T10:50:39","modified_gmt":"2026-08-20T08:50:39","slug":"only-ouvre-sa-premiere-boutique-en-bretagne","status":"publish","type":"news-centre","link":"https:\/\/www.centre-commercial.fr\/carrefour-vannes\/news-centre\/only-ouvre-sa-premiere-boutique-en-bretagne\/","title":{"rendered":"ONLY ouvre sa premi\u00e8re boutique en Bretagne !"},"content":{"rendered":"\n<p><strong>Une nouvelle adresse mode arrive dans le centre !<\/strong> \ud83d\udc97<\/p>\n\n\n\n<p>Le <strong>mercredi 2 septembre \u00e0 9h30<\/strong>, d\u00e9couvrez <strong>ONLY<\/strong>, qui ouvrira sa <strong>toute premi\u00e8re boutique en Bretagne<\/strong> au sein du centre commercial.<\/p>\n\n\n\n<p>Connue pour ses collections tendance et accessibles, la marque propose un vestiaire f\u00e9minin pens\u00e9 pour accompagner tous les styles et toutes les envies : pi\u00e8ces du quotidien, looks tendance et incontournables de la saison.<\/p>\n\n\n\n<p>Cette nouvelle ouverture vient enrichir l\u2019offre mode de votre centre et vous offre une nouvelle adresse shopping \u00e0 d\u00e9couvrir tr\u00e8s prochainement.<\/p>\n\n\n\n<p>\ud83d\udcc5 <strong>Rendez-vous mercredi 2 septembre d\u00e8s 9h30 !<\/strong><\/p>\n","protected":false},"author":52462,"featured_media":36486819,"template":"","class_list":["post-36486818","news-centre","type-news-centre","status-publish","has-post-thumbnail","hentry"],"acf":[],"yoast_head":"<!-- This site is optimized with the Yoast SEO plugin v27.7 - https:\/\/yoast.com\/product\/yoast-seo-wordpress\/ -->\n<title>ONLY ouvre sa premi\u00e8re boutique en Bretagne ! - Centre Commercial Carrefour Vannes<\/title>\n<meta name=\"robots\" content=\"index, follow, max-snippet:-1, max-image-preview:large, max-video-preview:-1\" \/>\n<link rel=\"canonical\" href=\"https:\/\/www.centre-commercial.fr\/carrefour-vannes\/news-centre\/only-ouvre-sa-premiere-boutique-en-bretagne\/\" \/>\n<meta property=\"og:locale\" content=\"fr_FR\" \/>\n<meta property=\"og:type\" content=\"article\" \/>\n<meta property=\"og:title\" content=\"ONLY ouvre sa premi\u00e8re boutique en Bretagne ! - Centre Commercial Carrefour Vannes\" \/>\n<meta property=\"og:description\" content=\"Une nouvelle adresse mode arrive dans le centre ! \ud83d\udc97 Le mercredi 2 septembre \u00e0 9h30, d\u00e9couvrez ONLY, qui ouvrira sa toute premi\u00e8re boutique en Bretagne au sein du centre commercial. Connue pour ses collections tendance et accessibles, la marque propose un vestiaire f\u00e9minin pens\u00e9 pour accompagner tous les styles et toutes les envies : [&hellip;]\" \/>\n<meta property=\"og:url\" content=\"https:\/\/www.centre-commercial.fr\/carrefour-vannes\/news-centre\/only-ouvre-sa-premiere-boutique-en-bretagne\/\" \/>\n<meta property=\"og:site_name\" content=\"Centre Commercial Carrefour Vannes\" \/>\n<meta property=\"article:modified_time\" content=\"2026-08-20T08:50:39+00:00\" \/>\n<meta property=\"og:image\" content=\"https:\/\/www.centre-commercial.fr\/carrefour-vannes\/wp-content\/uploads\/sites\/35\/2026\/08\/Emailing-news-site-Ouverture-Only.png\" \/>\n\t<meta property=\"og:image:width\" content=\"1200\" \/>\n\t<meta property=\"og:image:height\" content=\"600\" \/>\n\t<meta property=\"og:image:type\" content=\"image\/png\" \/>\n<meta name=\"twitter:card\" content=\"summary_large_image\" \/>\n<script type=\"application\/ld+json\" class=\"yoast-schema-graph\">{\"@context\":\"https:\\\/\\\/schema.org\",\"@graph\":[{\"@type\":\"WebPage\",\"@id\":\"https:\\\/\\\/www.centre-commercial.fr\\\/carrefour-vannes\\\/news-centre\\\/only-ouvre-sa-premiere-boutique-en-bretagne\\\/\",\"url\":\"https:\\\/\\\/www.centre-commercial.fr\\\/carrefour-vannes\\\/news-centre\\\/only-ouvre-sa-premiere-boutique-en-bretagne\\\/\",\"name\":\"ONLY ouvre sa premi\u00e8re boutique en Bretagne ! - Centre Commercial Carrefour Vannes\",\"isPartOf\":{\"@id\":\"https:\\\/\\\/www.centre-commercial.fr\\\/carrefour-vannes\\\/#website\"},\"primaryImageOfPage\":{\"@id\":\"https:\\\/\\\/www.centre-commercial.fr\\\/carrefour-vannes\\\/news-centre\\\/only-ouvre-sa-premiere-boutique-en-bretagne\\\/#primaryimage\"},\"image\":{\"@id\":\"https:\\\/\\\/www.centre-commercial.fr\\\/carrefour-vannes\\\/news-centre\\\/only-ouvre-sa-premiere-boutique-en-bretagne\\\/#primaryimage\"},\"thumbnailUrl\":\"https:\\\/\\\/www.centre-commercial.fr\\\/carrefour-vannes\\\/wp-content\\\/uploads\\\/sites\\\/35\\\/2026\\\/08\\\/Emailing-news-site-Ouverture-Only.png\",\"datePublished\":\"2026-08-20T08:50:37+00:00\",\"dateModified\":\"2026-08-20T08:50:39+00:00\",\"breadcrumb\":{\"@id\":\"https:\\\/\\\/www.centre-commercial.fr\\\/carrefour-vannes\\\/news-centre\\\/only-ouvre-sa-premiere-boutique-en-bretagne\\\/#breadcrumb\"},\"inLanguage\":\"fr-FR\",\"potentialAction\":[{\"@type\":\"ReadAction\",\"target\":[\"https:\\\/\\\/www.centre-commercial.fr\\\/carrefour-vannes\\\/news-centre\\\/only-ouvre-sa-premiere-boutique-en-bretagne\\\/\"]}]},{\"@type\":\"ImageObject\",\"inLanguage\":\"fr-FR\",\"@id\":\"https:\\\/\\\/www.centre-commercial.fr\\\/carrefour-vannes\\\/news-centre\\\/only-ouvre-sa-premiere-boutique-en-bretagne\\\/#primaryimage\",\"url\":\"https:\\\/\\\/www.centre-commercial.fr\\\/carrefour-vannes\\\/wp-content\\\/uploads\\\/sites\\\/35\\\/2026\\\/08\\\/Emailing-news-site-Ouverture-Only.png\",\"contentUrl\":\"https:\\\/\\\/www.centre-commercial.fr\\\/carrefour-vannes\\\/wp-content\\\/uploads\\\/sites\\\/35\\\/2026\\\/08\\\/Emailing-news-site-Ouverture-Only.png\",\"width\":1200,\"height\":600},{\"@type\":\"BreadcrumbList\",\"@id\":\"https:\\\/\\\/www.centre-commercial.fr\\\/carrefour-vannes\\\/news-centre\\\/only-ouvre-sa-premiere-boutique-en-bretagne\\\/#breadcrumb\",\"itemListElement\":[{\"@type\":\"ListItem\",\"position\":1,\"name\":\"Accueil\",\"item\":\"https:\\\/\\\/www.centre-commercial.fr\\\/carrefour-vannes\\\/\"},{\"@type\":\"ListItem\",\"position\":2,\"name\":\"News Centre\",\"item\":\"https:\\\/\\\/www.centre-commercial.fr\\\/carrefour-vannes\\\/actus-shopping\\\/\"},{\"@type\":\"ListItem\",\"position\":3,\"name\":\"ONLY ouvre sa premi\u00e8re boutique en Bretagne !\",\"item\":\"https:\\\/\\\/www.centre-commercial.fr\\\/carrefour-vannes\\\/news-centre\\\/only-ouvre-sa-premiere-boutique-en-bretagne\\\/\"}]},{\"@type\":\"WebSite\",\"@id\":\"https:\\\/\\\/www.centre-commercial.fr\\\/carrefour-vannes\\\/#website\",\"url\":\"https:\\\/\\\/www.centre-commercial.fr\\\/carrefour-vannes\\\/\",\"name\":\"Centre Commercial Carrefour Vannes\",\"description\":\"\",\"publisher\":{\"@id\":\"https:\\\/\\\/www.centre-commercial.fr\\\/carrefour-vannes\\\/#organization\"},\"potentialAction\":[{\"@type\":\"SearchAction\",\"target\":{\"@type\":\"EntryPoint\",\"urlTemplate\":\"https:\\\/\\\/www.centre-commercial.fr\\\/carrefour-vannes\\\/?s={search_term_string}\"},\"query-input\":{\"@type\":\"PropertyValueSpecification\",\"valueRequired\":true,\"valueName\":\"search_term_string\"}}],\"inLanguage\":\"fr-FR\"},{\"@type\":\"Organization\",\"@id\":\"https:\\\/\\\/www.centre-commercial.fr\\\/carrefour-vannes\\\/#organization\",\"name\":\"Centre Commercial Carrefour Vannes\",\"url\":\"https:\\\/\\\/www.centre-commercial.fr\\\/carrefour-vannes\\\/\",\"logo\":{\"@type\":\"ImageObject\",\"inLanguage\":\"fr-FR\",\"@id\":\"https:\\\/\\\/www.centre-commercial.fr\\\/carrefour-vannes\\\/#\\\/schema\\\/logo\\\/image\\\/\",\"url\":\"https:\\\/\\\/www.centre-commercial.fr\\\/carrefour-vannes\\\/wp-content\\\/uploads\\\/sites\\\/35\\\/2018\\\/08\\\/cropped-Vannes_HONZ.png\",\"contentUrl\":\"https:\\\/\\\/www.centre-commercial.fr\\\/carrefour-vannes\\\/wp-content\\\/uploads\\\/sites\\\/35\\\/2018\\\/08\\\/cropped-Vannes_HONZ.png\",\"width\":206,\"height\":70,\"caption\":\"Centre Commercial Carrefour Vannes\"},\"image\":{\"@id\":\"https:\\\/\\\/www.centre-commercial.fr\\\/carrefour-vannes\\\/#\\\/schema\\\/logo\\\/image\\\/\"}}]}<\/script>\n<!-- \/ Yoast SEO plugin. -->","yoast_head_json":{"title":"ONLY ouvre sa premi\u00e8re boutique en Bretagne ! - Centre Commercial Carrefour Vannes","robots":{"index":"index","follow":"follow","max-snippet":"max-snippet:-1","max-image-preview":"max-image-preview:large","max-video-preview":"max-video-preview:-1"},"canonical":"https:\/\/www.centre-commercial.fr\/carrefour-vannes\/news-centre\/only-ouvre-sa-premiere-boutique-en-bretagne\/","og_locale":"fr_FR","og_type":"article","og_title":"ONLY ouvre sa premi\u00e8re boutique en Bretagne ! - Centre Commercial Carrefour Vannes","og_description":"Une nouvelle adresse mode arrive dans le centre ! \ud83d\udc97 Le mercredi 2 septembre \u00e0 9h30, d\u00e9couvrez ONLY, qui ouvrira sa toute premi\u00e8re boutique en Bretagne au sein du centre commercial. Connue pour ses collections tendance et accessibles, la marque propose un vestiaire f\u00e9minin pens\u00e9 pour accompagner tous les styles et toutes les envies : [&hellip;]","og_url":"https:\/\/www.centre-commercial.fr\/carrefour-vannes\/news-centre\/only-ouvre-sa-premiere-boutique-en-bretagne\/","og_site_name":"Centre Commercial Carrefour Vannes","article_modified_time":"2026-08-20T08:50:39+00:00","og_image":[{"width":1200,"height":600,"url":"https:\/\/www.centre-commercial.fr\/carrefour-vannes\/wp-content\/uploads\/sites\/35\/2026\/08\/Emailing-news-site-Ouverture-Only.png","type":"image\/png"}],"twitter_card":"summary_large_image","schema":{"@context":"https:\/\/schema.org","@graph":[{"@type":"WebPage","@id":"https:\/\/www.centre-commercial.fr\/carrefour-vannes\/news-centre\/only-ouvre-sa-premiere-boutique-en-bretagne\/","url":"https:\/\/www.centre-commercial.fr\/carrefour-vannes\/news-centre\/only-ouvre-sa-premiere-boutique-en-bretagne\/","name":"ONLY ouvre sa premi\u00e8re boutique en Bretagne ! - Centre Commercial Carrefour Vannes","isPartOf":{"@id":"https:\/\/www.centre-commercial.fr\/carrefour-vannes\/#website"},"primaryImageOfPage":{"@id":"https:\/\/www.centre-commercial.fr\/carrefour-vannes\/news-centre\/only-ouvre-sa-premiere-boutique-en-bretagne\/#primaryimage"},"image":{"@id":"https:\/\/www.centre-commercial.fr\/carrefour-vannes\/news-centre\/only-ouvre-sa-premiere-boutique-en-bretagne\/#primaryimage"},"thumbnailUrl":"https:\/\/www.centre-commercial.fr\/carrefour-vannes\/wp-content\/uploads\/sites\/35\/2026\/08\/Emailing-news-site-Ouverture-Only.png","datePublished":"2026-08-20T08:50:37+00:00","dateModified":"2026-08-20T08:50:39+00:00","breadcrumb":{"@id":"https:\/\/www.centre-commercial.fr\/carrefour-vannes\/news-centre\/only-ouvre-sa-premiere-boutique-en-bretagne\/#breadcrumb"},"inLanguage":"fr-FR","potentialAction":[{"@type":"ReadAction","target":["https:\/\/www.centre-commercial.fr\/carrefour-vannes\/news-centre\/only-ouvre-sa-premiere-boutique-en-bretagne\/"]}]},{"@type":"ImageObject","inLanguage":"fr-FR","@id":"https:\/\/www.centre-commercial.fr\/carrefour-vannes\/news-centre\/only-ouvre-sa-premiere-boutique-en-bretagne\/#primaryimage","url":"https:\/\/www.centre-commercial.fr\/carrefour-vannes\/wp-content\/uploads\/sites\/35\/2026\/08\/Emailing-news-site-Ouverture-Only.png","contentUrl":"https:\/\/www.centre-commercial.fr\/carrefour-vannes\/wp-content\/uploads\/sites\/35\/2026\/08\/Emailing-news-site-Ouverture-Only.png","width":1200,"height":600},{"@type":"BreadcrumbList","@id":"https:\/\/www.centre-commercial.fr\/carrefour-vannes\/news-centre\/only-ouvre-sa-premiere-boutique-en-bretagne\/#breadcrumb","itemListElement":[{"@type":"ListItem","position":1,"name":"Accueil","item":"https:\/\/www.centre-commercial.fr\/carrefour-vannes\/"},{"@type":"ListItem","position":2,"name":"News Centre","item":"https:\/\/www.centre-commercial.fr\/carrefour-vannes\/actus-shopping\/"},{"@type":"ListItem","position":3,"name":"ONLY ouvre sa premi\u00e8re boutique en Bretagne !","item":"https:\/\/www.centre-commercial.fr\/carrefour-vannes\/news-centre\/only-ouvre-sa-premiere-boutique-en-bretagne\/"}]},{"@type":"WebSite","@id":"https:\/\/www.centre-commercial.fr\/carrefour-vannes\/#website","url":"https:\/\/www.centre-commercial.fr\/carrefour-vannes\/","name":"Centre Commercial Carrefour Vannes","description":"","publisher":{"@id":"https:\/\/www.centre-commercial.fr\/carrefour-vannes\/#organization"},"potentialAction":[{"@type":"SearchAction","target":{"@type":"EntryPoint","urlTemplate":"https:\/\/www.centre-commercial.fr\/carrefour-vannes\/?s={search_term_string}"},"query-input":{"@type":"PropertyValueSpecification","valueRequired":true,"valueName":"search_term_string"}}],"inLanguage":"fr-FR"},{"@type":"Organization","@id":"https:\/\/www.centre-commercial.fr\/carrefour-vannes\/#organization","name":"Centre Commercial Carrefour Vannes","url":"https:\/\/www.centre-commercial.fr\/carrefour-vannes\/","logo":{"@type":"ImageObject","inLanguage":"fr-FR","@id":"https:\/\/www.centre-commercial.fr\/carrefour-vannes\/#\/schema\/logo\/image\/","url":"https:\/\/www.centre-commercial.fr\/carrefour-vannes\/wp-content\/uploads\/sites\/35\/2018\/08\/cropped-Vannes_HONZ.png","contentUrl":"https:\/\/www.centre-commercial.fr\/carrefour-vannes\/wp-content\/uploads\/sites\/35\/2018\/08\/cropped-Vannes_HONZ.png","width":206,"height":70,"caption":"Centre Commercial Carrefour Vannes"},"image":{"@id":"https:\/\/www.centre-commercial.fr\/carrefour-vannes\/#\/schema\/logo\/image\/"}}]}},"publishpress_future_action":{"enabled":true,"date":"2026-09-09 08:49:00","action":"change-status","newStatus":"draft","terms":[],"taxonomy":"","extraData":[]},"publishpress_future_workflow_manual_trigger":{"enabledWorkflows":[]},"_links":{"self":[{"href":"https:\/\/www.centre-commercial.fr\/carrefour-vannes\/wp-json\/wp\/v2\/news-centre\/36486818","targetHints":{"allow":["GET"]}}],"collection":[{"href":"https:\/\/www.centre-commercial.fr\/carrefour-vannes\/wp-json\/wp\/v2\/news-centre"}],"about":[{"href":"https:\/\/www.centre-commercial.fr\/carrefour-vannes\/wp-json\/wp\/v2\/types\/news-centre"}],"author":[{"embeddable":true,"href":"https:\/\/www.centre-commercial.fr\/carrefour-vannes\/wp-json\/wp\/v2\/users\/52462"}],"version-history":[{"count":1,"href":"https:\/\/www.centre-commercial.fr\/carrefour-vannes\/wp-json\/wp\/v2\/news-centre\/36486818\/revisions"}],"predecessor-version":[{"id":36486820,"href":"https:\/\/www.centre-commercial.fr\/carrefour-vannes\/wp-json\/wp\/v2\/news-centre\/36486818\/revisions\/36486820"}],"wp:featuredmedia":[{"embeddable":true,"href":"https:\/\/www.centre-commercial.fr\/carrefour-vannes\/wp-json\/wp\/v2\/media\/36486819"}],"wp:attachment":[{"href":"https:\/\/www.centre-commercial.fr\/carrefour-vannes\/wp-json\/wp\/v2\/media?parent=36486818"}],"curies":[{"name":"wp","href":"https:\/\/api.w.org\/{rel}","templated":true}]}}