{"id":36376638,"date":"2026-08-12T15:33:29","date_gmt":"2026-08-12T13:33:29","guid":{"rendered":"https:\/\/www.centre-commercial.fr\/carrefour-tournefeuille\/?post_type=news-centre&#038;p=36376638"},"modified":"2026-08-12T15:33:29","modified_gmt":"2026-08-12T13:33:29","slug":"lenseigne-tedi-a-ouvert-ses-portes-le-7-aout","status":"publish","type":"news-centre","link":"https:\/\/www.centre-commercial.fr\/carrefour-tournefeuille\/news-centre\/lenseigne-tedi-a-ouvert-ses-portes-le-7-aout\/","title":{"rendered":"L&rsquo;enseigne TEDi a ouvert ses portes le 7 ao\u00fbt !"},"content":{"rendered":"\n<p>C\u2019est l&rsquo;\u00e9v\u00e9nement shopping de l&rsquo;\u00e9t\u00e9 : depuis le vendredi 7 ao\u00fbt, votre centre commercial accueille la c\u00e9l\u00e8bre enseigne&nbsp;<strong>TEDi<\/strong>&nbsp;!<\/p>\n\n\n\n<p>Sp\u00e9cialiste de la d\u00e9coration, des fournitures de bureau, du bricolage, des jouets et des objets du quotidien, TEDi s&rsquo;installe chez nous pour vous proposer un choix immense d&rsquo;articles \u00e0 des prix imbattables. Que vous cherchiez \u00e0 relooker votre int\u00e9rieur, \u00e0 pr\u00e9parer la rentr\u00e9e ou simplement \u00e0 vous faire plaisir sans faire chauffer la carte bleue, vous y trouverez forc\u00e9ment votre bonheur.<\/p>\n\n\n\n<p>Toute l&rsquo;\u00e9quipe du centre commercial vous invite \u00e0 venir d\u00e9couvrir ce nouvel espace d\u00e9di\u00e9 aux bonnes affaires et aux petites p\u00e9pites du quotidien. \u00c0 tr\u00e8s vite en boutique !<\/p>\n\n\n\n<p><\/p>\n","protected":false},"author":15521,"featured_media":36376641,"template":"","class_list":["post-36376638","news-centre","type-news-centre","status-publish","has-post-thumbnail","hentry"],"acf":[],"yoast_head":"<!-- This site is optimized with the Yoast SEO plugin v27.7 - https:\/\/yoast.com\/product\/yoast-seo-wordpress\/ -->\n<title>L&#039;enseigne TEDi a ouvert ses portes le 7 ao\u00fbt ! - Centre Commercial Carrefour Tournefeuille<\/title>\n<meta name=\"robots\" content=\"index, follow, max-snippet:-1, max-image-preview:large, max-video-preview:-1\" \/>\n<link rel=\"canonical\" href=\"https:\/\/www.centre-commercial.fr\/carrefour-tournefeuille\/news-centre\/lenseigne-tedi-a-ouvert-ses-portes-le-7-aout\/\" \/>\n<meta property=\"og:locale\" content=\"fr_FR\" \/>\n<meta property=\"og:type\" content=\"article\" \/>\n<meta property=\"og:title\" content=\"L&#039;enseigne TEDi a ouvert ses portes le 7 ao\u00fbt ! - Centre Commercial Carrefour Tournefeuille\" \/>\n<meta property=\"og:description\" content=\"C\u2019est l&rsquo;\u00e9v\u00e9nement shopping de l&rsquo;\u00e9t\u00e9 : depuis le vendredi 7 ao\u00fbt, votre centre commercial accueille la c\u00e9l\u00e8bre enseigne&nbsp;TEDi&nbsp;! Sp\u00e9cialiste de la d\u00e9coration, des fournitures de bureau, du bricolage, des jouets et des objets du quotidien, TEDi s&rsquo;installe chez nous pour vous proposer un choix immense d&rsquo;articles \u00e0 des prix imbattables. Que vous cherchiez \u00e0 relooker [&hellip;]\" \/>\n<meta property=\"og:url\" content=\"https:\/\/www.centre-commercial.fr\/carrefour-tournefeuille\/news-centre\/lenseigne-tedi-a-ouvert-ses-portes-le-7-aout\/\" \/>\n<meta property=\"og:site_name\" content=\"Centre Commercial Carrefour Tournefeuille\" \/>\n<meta property=\"og:image\" content=\"https:\/\/www.centre-commercial.fr\/carrefour-tournefeuille\/wp-content\/uploads\/sites\/109\/2026\/08\/OUVERTURE-SHOPPING-TEDI-HEADER_MAIL_1200x628px_-1.jpg\" \/>\n\t<meta property=\"og:image:width\" content=\"1200\" \/>\n\t<meta property=\"og:image:height\" content=\"628\" \/>\n\t<meta property=\"og:image:type\" content=\"image\/jpeg\" \/>\n<meta name=\"twitter:card\" content=\"summary_large_image\" \/>\n<meta name=\"twitter:label1\" content=\"Dur\u00e9e de lecture estim\u00e9e\" \/>\n\t<meta name=\"twitter:data1\" content=\"1 minute\" \/>\n<script type=\"application\/ld+json\" class=\"yoast-schema-graph\">{\"@context\":\"https:\\\/\\\/schema.org\",\"@graph\":[{\"@type\":\"WebPage\",\"@id\":\"https:\\\/\\\/www.centre-commercial.fr\\\/carrefour-tournefeuille\\\/news-centre\\\/lenseigne-tedi-a-ouvert-ses-portes-le-7-aout\\\/\",\"url\":\"https:\\\/\\\/www.centre-commercial.fr\\\/carrefour-tournefeuille\\\/news-centre\\\/lenseigne-tedi-a-ouvert-ses-portes-le-7-aout\\\/\",\"name\":\"L'enseigne TEDi a ouvert ses portes le 7 ao\u00fbt ! - Centre Commercial Carrefour Tournefeuille\",\"isPartOf\":{\"@id\":\"https:\\\/\\\/www.centre-commercial.fr\\\/carrefour-tournefeuille\\\/#website\"},\"primaryImageOfPage\":{\"@id\":\"https:\\\/\\\/www.centre-commercial.fr\\\/carrefour-tournefeuille\\\/news-centre\\\/lenseigne-tedi-a-ouvert-ses-portes-le-7-aout\\\/#primaryimage\"},\"image\":{\"@id\":\"https:\\\/\\\/www.centre-commercial.fr\\\/carrefour-tournefeuille\\\/news-centre\\\/lenseigne-tedi-a-ouvert-ses-portes-le-7-aout\\\/#primaryimage\"},\"thumbnailUrl\":\"https:\\\/\\\/www.centre-commercial.fr\\\/carrefour-tournefeuille\\\/wp-content\\\/uploads\\\/sites\\\/109\\\/2026\\\/08\\\/OUVERTURE-SHOPPING-TEDI-HEADER_MAIL_1200x628px_-1.jpg\",\"datePublished\":\"2026-08-12T13:33:29+00:00\",\"breadcrumb\":{\"@id\":\"https:\\\/\\\/www.centre-commercial.fr\\\/carrefour-tournefeuille\\\/news-centre\\\/lenseigne-tedi-a-ouvert-ses-portes-le-7-aout\\\/#breadcrumb\"},\"inLanguage\":\"fr-FR\",\"potentialAction\":[{\"@type\":\"ReadAction\",\"target\":[\"https:\\\/\\\/www.centre-commercial.fr\\\/carrefour-tournefeuille\\\/news-centre\\\/lenseigne-tedi-a-ouvert-ses-portes-le-7-aout\\\/\"]}]},{\"@type\":\"ImageObject\",\"inLanguage\":\"fr-FR\",\"@id\":\"https:\\\/\\\/www.centre-commercial.fr\\\/carrefour-tournefeuille\\\/news-centre\\\/lenseigne-tedi-a-ouvert-ses-portes-le-7-aout\\\/#primaryimage\",\"url\":\"https:\\\/\\\/www.centre-commercial.fr\\\/carrefour-tournefeuille\\\/wp-content\\\/uploads\\\/sites\\\/109\\\/2026\\\/08\\\/OUVERTURE-SHOPPING-TEDI-HEADER_MAIL_1200x628px_-1.jpg\",\"contentUrl\":\"https:\\\/\\\/www.centre-commercial.fr\\\/carrefour-tournefeuille\\\/wp-content\\\/uploads\\\/sites\\\/109\\\/2026\\\/08\\\/OUVERTURE-SHOPPING-TEDI-HEADER_MAIL_1200x628px_-1.jpg\",\"width\":1200,\"height\":628},{\"@type\":\"BreadcrumbList\",\"@id\":\"https:\\\/\\\/www.centre-commercial.fr\\\/carrefour-tournefeuille\\\/news-centre\\\/lenseigne-tedi-a-ouvert-ses-portes-le-7-aout\\\/#breadcrumb\",\"itemListElement\":[{\"@type\":\"ListItem\",\"position\":1,\"name\":\"Accueil\",\"item\":\"https:\\\/\\\/www.centre-commercial.fr\\\/carrefour-tournefeuille\\\/\"},{\"@type\":\"ListItem\",\"position\":2,\"name\":\"News Centre\",\"item\":\"https:\\\/\\\/www.centre-commercial.fr\\\/carrefour-tournefeuille\\\/actus-shopping\\\/\"},{\"@type\":\"ListItem\",\"position\":3,\"name\":\"L&rsquo;enseigne TEDi a ouvert ses portes le 7 ao\u00fbt !\",\"item\":\"https:\\\/\\\/www.centre-commercial.fr\\\/carrefour-tournefeuille\\\/news-centre\\\/lenseigne-tedi-a-ouvert-ses-portes-le-7-aout\\\/\"}]},{\"@type\":\"WebSite\",\"@id\":\"https:\\\/\\\/www.centre-commercial.fr\\\/carrefour-tournefeuille\\\/#website\",\"url\":\"https:\\\/\\\/www.centre-commercial.fr\\\/carrefour-tournefeuille\\\/\",\"name\":\"Centre Commercial Carrefour Tournefeuille\",\"description\":\"\",\"publisher\":{\"@id\":\"https:\\\/\\\/www.centre-commercial.fr\\\/carrefour-tournefeuille\\\/#organization\"},\"potentialAction\":[{\"@type\":\"SearchAction\",\"target\":{\"@type\":\"EntryPoint\",\"urlTemplate\":\"https:\\\/\\\/www.centre-commercial.fr\\\/carrefour-tournefeuille\\\/?s={search_term_string}\"},\"query-input\":{\"@type\":\"PropertyValueSpecification\",\"valueRequired\":true,\"valueName\":\"search_term_string\"}}],\"inLanguage\":\"fr-FR\"},{\"@type\":\"Organization\",\"@id\":\"https:\\\/\\\/www.centre-commercial.fr\\\/carrefour-tournefeuille\\\/#organization\",\"name\":\"Centre Commercial Carrefour Tournefeuille\",\"url\":\"https:\\\/\\\/www.centre-commercial.fr\\\/carrefour-tournefeuille\\\/\",\"logo\":{\"@type\":\"ImageObject\",\"inLanguage\":\"fr-FR\",\"@id\":\"https:\\\/\\\/www.centre-commercial.fr\\\/carrefour-tournefeuille\\\/#\\\/schema\\\/logo\\\/image\\\/\",\"url\":\"https:\\\/\\\/www.centre-commercial.fr\\\/carrefour-tournefeuille\\\/wp-content\\\/uploads\\\/sites\\\/109\\\/2019\\\/09\\\/cropped-cropped-Tournefeuille_HONZ.png\",\"contentUrl\":\"https:\\\/\\\/www.centre-commercial.fr\\\/carrefour-tournefeuille\\\/wp-content\\\/uploads\\\/sites\\\/109\\\/2019\\\/09\\\/cropped-cropped-Tournefeuille_HONZ.png\",\"width\":206,\"height\":70,\"caption\":\"Centre Commercial Carrefour Tournefeuille\"},\"image\":{\"@id\":\"https:\\\/\\\/www.centre-commercial.fr\\\/carrefour-tournefeuille\\\/#\\\/schema\\\/logo\\\/image\\\/\"}}]}<\/script>\n<!-- \/ Yoast SEO plugin. -->","yoast_head_json":{"title":"L'enseigne TEDi a ouvert ses portes le 7 ao\u00fbt ! - Centre Commercial Carrefour Tournefeuille","robots":{"index":"index","follow":"follow","max-snippet":"max-snippet:-1","max-image-preview":"max-image-preview:large","max-video-preview":"max-video-preview:-1"},"canonical":"https:\/\/www.centre-commercial.fr\/carrefour-tournefeuille\/news-centre\/lenseigne-tedi-a-ouvert-ses-portes-le-7-aout\/","og_locale":"fr_FR","og_type":"article","og_title":"L'enseigne TEDi a ouvert ses portes le 7 ao\u00fbt ! - Centre Commercial Carrefour Tournefeuille","og_description":"C\u2019est l&rsquo;\u00e9v\u00e9nement shopping de l&rsquo;\u00e9t\u00e9 : depuis le vendredi 7 ao\u00fbt, votre centre commercial accueille la c\u00e9l\u00e8bre enseigne&nbsp;TEDi&nbsp;! Sp\u00e9cialiste de la d\u00e9coration, des fournitures de bureau, du bricolage, des jouets et des objets du quotidien, TEDi s&rsquo;installe chez nous pour vous proposer un choix immense d&rsquo;articles \u00e0 des prix imbattables. Que vous cherchiez \u00e0 relooker [&hellip;]","og_url":"https:\/\/www.centre-commercial.fr\/carrefour-tournefeuille\/news-centre\/lenseigne-tedi-a-ouvert-ses-portes-le-7-aout\/","og_site_name":"Centre Commercial Carrefour Tournefeuille","og_image":[{"width":1200,"height":628,"url":"https:\/\/www.centre-commercial.fr\/carrefour-tournefeuille\/wp-content\/uploads\/sites\/109\/2026\/08\/OUVERTURE-SHOPPING-TEDI-HEADER_MAIL_1200x628px_-1.jpg","type":"image\/jpeg"}],"twitter_card":"summary_large_image","twitter_misc":{"Dur\u00e9e de lecture estim\u00e9e":"1 minute"},"schema":{"@context":"https:\/\/schema.org","@graph":[{"@type":"WebPage","@id":"https:\/\/www.centre-commercial.fr\/carrefour-tournefeuille\/news-centre\/lenseigne-tedi-a-ouvert-ses-portes-le-7-aout\/","url":"https:\/\/www.centre-commercial.fr\/carrefour-tournefeuille\/news-centre\/lenseigne-tedi-a-ouvert-ses-portes-le-7-aout\/","name":"L'enseigne TEDi a ouvert ses portes le 7 ao\u00fbt ! - Centre Commercial Carrefour Tournefeuille","isPartOf":{"@id":"https:\/\/www.centre-commercial.fr\/carrefour-tournefeuille\/#website"},"primaryImageOfPage":{"@id":"https:\/\/www.centre-commercial.fr\/carrefour-tournefeuille\/news-centre\/lenseigne-tedi-a-ouvert-ses-portes-le-7-aout\/#primaryimage"},"image":{"@id":"https:\/\/www.centre-commercial.fr\/carrefour-tournefeuille\/news-centre\/lenseigne-tedi-a-ouvert-ses-portes-le-7-aout\/#primaryimage"},"thumbnailUrl":"https:\/\/www.centre-commercial.fr\/carrefour-tournefeuille\/wp-content\/uploads\/sites\/109\/2026\/08\/OUVERTURE-SHOPPING-TEDI-HEADER_MAIL_1200x628px_-1.jpg","datePublished":"2026-08-12T13:33:29+00:00","breadcrumb":{"@id":"https:\/\/www.centre-commercial.fr\/carrefour-tournefeuille\/news-centre\/lenseigne-tedi-a-ouvert-ses-portes-le-7-aout\/#breadcrumb"},"inLanguage":"fr-FR","potentialAction":[{"@type":"ReadAction","target":["https:\/\/www.centre-commercial.fr\/carrefour-tournefeuille\/news-centre\/lenseigne-tedi-a-ouvert-ses-portes-le-7-aout\/"]}]},{"@type":"ImageObject","inLanguage":"fr-FR","@id":"https:\/\/www.centre-commercial.fr\/carrefour-tournefeuille\/news-centre\/lenseigne-tedi-a-ouvert-ses-portes-le-7-aout\/#primaryimage","url":"https:\/\/www.centre-commercial.fr\/carrefour-tournefeuille\/wp-content\/uploads\/sites\/109\/2026\/08\/OUVERTURE-SHOPPING-TEDI-HEADER_MAIL_1200x628px_-1.jpg","contentUrl":"https:\/\/www.centre-commercial.fr\/carrefour-tournefeuille\/wp-content\/uploads\/sites\/109\/2026\/08\/OUVERTURE-SHOPPING-TEDI-HEADER_MAIL_1200x628px_-1.jpg","width":1200,"height":628},{"@type":"BreadcrumbList","@id":"https:\/\/www.centre-commercial.fr\/carrefour-tournefeuille\/news-centre\/lenseigne-tedi-a-ouvert-ses-portes-le-7-aout\/#breadcrumb","itemListElement":[{"@type":"ListItem","position":1,"name":"Accueil","item":"https:\/\/www.centre-commercial.fr\/carrefour-tournefeuille\/"},{"@type":"ListItem","position":2,"name":"News Centre","item":"https:\/\/www.centre-commercial.fr\/carrefour-tournefeuille\/actus-shopping\/"},{"@type":"ListItem","position":3,"name":"L&rsquo;enseigne TEDi a ouvert ses portes le 7 ao\u00fbt !","item":"https:\/\/www.centre-commercial.fr\/carrefour-tournefeuille\/news-centre\/lenseigne-tedi-a-ouvert-ses-portes-le-7-aout\/"}]},{"@type":"WebSite","@id":"https:\/\/www.centre-commercial.fr\/carrefour-tournefeuille\/#website","url":"https:\/\/www.centre-commercial.fr\/carrefour-tournefeuille\/","name":"Centre Commercial Carrefour Tournefeuille","description":"","publisher":{"@id":"https:\/\/www.centre-commercial.fr\/carrefour-tournefeuille\/#organization"},"potentialAction":[{"@type":"SearchAction","target":{"@type":"EntryPoint","urlTemplate":"https:\/\/www.centre-commercial.fr\/carrefour-tournefeuille\/?s={search_term_string}"},"query-input":{"@type":"PropertyValueSpecification","valueRequired":true,"valueName":"search_term_string"}}],"inLanguage":"fr-FR"},{"@type":"Organization","@id":"https:\/\/www.centre-commercial.fr\/carrefour-tournefeuille\/#organization","name":"Centre Commercial Carrefour Tournefeuille","url":"https:\/\/www.centre-commercial.fr\/carrefour-tournefeuille\/","logo":{"@type":"ImageObject","inLanguage":"fr-FR","@id":"https:\/\/www.centre-commercial.fr\/carrefour-tournefeuille\/#\/schema\/logo\/image\/","url":"https:\/\/www.centre-commercial.fr\/carrefour-tournefeuille\/wp-content\/uploads\/sites\/109\/2019\/09\/cropped-cropped-Tournefeuille_HONZ.png","contentUrl":"https:\/\/www.centre-commercial.fr\/carrefour-tournefeuille\/wp-content\/uploads\/sites\/109\/2019\/09\/cropped-cropped-Tournefeuille_HONZ.png","width":206,"height":70,"caption":"Centre Commercial Carrefour Tournefeuille"},"image":{"@id":"https:\/\/www.centre-commercial.fr\/carrefour-tournefeuille\/#\/schema\/logo\/image\/"}}]}},"publishpress_future_action":{"enabled":false,"date":"2026-09-09 08:51:53","action":"change-status","newStatus":"draft","terms":[],"taxonomy":"","extraData":[]},"publishpress_future_workflow_manual_trigger":{"enabledWorkflows":[]},"_links":{"self":[{"href":"https:\/\/www.centre-commercial.fr\/carrefour-tournefeuille\/wp-json\/wp\/v2\/news-centre\/36376638","targetHints":{"allow":["GET"]}}],"collection":[{"href":"https:\/\/www.centre-commercial.fr\/carrefour-tournefeuille\/wp-json\/wp\/v2\/news-centre"}],"about":[{"href":"https:\/\/www.centre-commercial.fr\/carrefour-tournefeuille\/wp-json\/wp\/v2\/types\/news-centre"}],"author":[{"embeddable":true,"href":"https:\/\/www.centre-commercial.fr\/carrefour-tournefeuille\/wp-json\/wp\/v2\/users\/15521"}],"version-history":[{"count":1,"href":"https:\/\/www.centre-commercial.fr\/carrefour-tournefeuille\/wp-json\/wp\/v2\/news-centre\/36376638\/revisions"}],"predecessor-version":[{"id":36376640,"href":"https:\/\/www.centre-commercial.fr\/carrefour-tournefeuille\/wp-json\/wp\/v2\/news-centre\/36376638\/revisions\/36376640"}],"wp:featuredmedia":[{"embeddable":true,"href":"https:\/\/www.centre-commercial.fr\/carrefour-tournefeuille\/wp-json\/wp\/v2\/media\/36376641"}],"wp:attachment":[{"href":"https:\/\/www.centre-commercial.fr\/carrefour-tournefeuille\/wp-json\/wp\/v2\/media?parent=36376638"}],"curies":[{"name":"wp","href":"https:\/\/api.w.org\/{rel}","templated":true}]}}