{"id":36347347,"date":"2025-06-23T11:53:56","date_gmt":"2025-06-23T09:53:56","guid":{"rendered":"https:\/\/www.centre-commercial.fr\/carrefour-creil-saint-maximin\/?post_type=news-boutique&#038;p=36347347"},"modified":"2025-06-23T11:55:18","modified_gmt":"2025-06-23T09:55:18","slug":"evadez-vous-sur-la-cote-dazur","status":"publish","type":"news-boutique","link":"https:\/\/www.centre-commercial.fr\/carrefour-creil-saint-maximin\/news-boutique\/evadez-vous-sur-la-cote-dazur\/","title":{"rendered":"\u00c9VADEZ-VOUS SUR LA C\u00d4T\u00c9 D&rsquo;AZUR !"},"content":{"rendered":"\n<p>Partez en vacances dans un cadre idyllique au c\u0153ur de la C\u00f4te d\u2019Azur ! \ud83c\udf34<\/p>\n\n\n\n<p>Camping 4\u2605 avec piscine, toboggans, animations, et acc\u00e8s proche de la plage \ud83c\udfca<\/p>\n\n\n\n<p>\u00a0\u00c0 seulement quelques minutes de la mer M\u00e9diterran\u00e9e \ud83c\udf0a<\/p>\n\n\n\n<p>Ambiance familiale et ensoleill\u00e9e garantie \u2600\ufe0f<\/p>\n\n\n\n<p><strong>S\u00e9jour de 8 jours en ao\u00fbt<\/strong>\u00a0\u2013 p\u00e9riode id\u00e9ale pour profiter du soleil<\/p>\n\n\n\n<p>Prix imbattable :\u00a0<strong>400\u20ac par personne tout compris<\/strong>\u00a0! \ud83d\ude32<\/p>\n\n\n\n<p><strong>Saint-Rapha\u00ebl \u2013 La Vall\u00e9e du Paradis<\/strong>, un coin de r\u00eave entre mer et montagne\u00a0 \u26f0\ufe0f<\/p>\n\n\n\n<p>\ud83d\udc49 <strong>Places limit\u00e9es, r\u00e9servez vite aupr\u00e8s de votre agence Promovacances Creil\u00a0<\/strong><\/p>\n","protected":false},"author":52430,"featured_media":36347348,"template":"","class_list":["post-36347347","news-boutique","type-news-boutique","status-publish","has-post-thumbnail","hentry"],"acf":[],"yoast_head":"<!-- This site is optimized with the Yoast SEO plugin v27.7 - https:\/\/yoast.com\/product\/yoast-seo-wordpress\/ -->\n<title>\u00c9VADEZ-VOUS SUR LA C\u00d4T\u00c9 D&#039;AZUR ! - Centre Commercial Carrefour Creil - Saint Maximin<\/title>\n<meta name=\"robots\" content=\"index, follow, max-snippet:-1, max-image-preview:large, max-video-preview:-1\" \/>\n<link rel=\"canonical\" href=\"https:\/\/www.centre-commercial.fr\/carrefour-creil-saint-maximin\/news-boutique\/evadez-vous-sur-la-cote-dazur\/\" \/>\n<meta property=\"og:locale\" content=\"fr_FR\" \/>\n<meta property=\"og:type\" content=\"article\" \/>\n<meta property=\"og:title\" content=\"\u00c9VADEZ-VOUS SUR LA C\u00d4T\u00c9 D&#039;AZUR ! - Centre Commercial Carrefour Creil - Saint Maximin\" \/>\n<meta property=\"og:description\" content=\"Partez en vacances dans un cadre idyllique au c\u0153ur de la C\u00f4te d\u2019Azur ! \ud83c\udf34 Camping 4\u2605 avec piscine, toboggans, animations, et acc\u00e8s proche de la plage \ud83c\udfca \u00a0\u00c0 seulement quelques minutes de la mer M\u00e9diterran\u00e9e \ud83c\udf0a Ambiance familiale et ensoleill\u00e9e garantie \u2600\ufe0f S\u00e9jour de 8 jours en ao\u00fbt\u00a0\u2013 p\u00e9riode id\u00e9ale pour profiter du soleil [&hellip;]\" \/>\n<meta property=\"og:url\" content=\"https:\/\/www.centre-commercial.fr\/carrefour-creil-saint-maximin\/news-boutique\/evadez-vous-sur-la-cote-dazur\/\" \/>\n<meta property=\"og:site_name\" content=\"Centre Commercial Carrefour Creil - Saint Maximin\" \/>\n<meta property=\"article:modified_time\" content=\"2025-06-23T09:55:18+00:00\" \/>\n<meta property=\"og:image\" content=\"https:\/\/www.centre-commercial.fr\/carrefour-creil-saint-maximin\/wp-content\/uploads\/sites\/178\/2025\/06\/8LxIMT7yHIkqGhjR.png\" \/>\n\t<meta property=\"og:image:width\" content=\"917\" \/>\n\t<meta property=\"og:image:height\" content=\"567\" \/>\n\t<meta property=\"og:image:type\" content=\"image\/png\" \/>\n<meta name=\"twitter:card\" content=\"summary_large_image\" \/>\n<script type=\"application\/ld+json\" class=\"yoast-schema-graph\">{\"@context\":\"https:\\\/\\\/schema.org\",\"@graph\":[{\"@type\":\"WebPage\",\"@id\":\"https:\\\/\\\/www.centre-commercial.fr\\\/carrefour-creil-saint-maximin\\\/news-boutique\\\/evadez-vous-sur-la-cote-dazur\\\/\",\"url\":\"https:\\\/\\\/www.centre-commercial.fr\\\/carrefour-creil-saint-maximin\\\/news-boutique\\\/evadez-vous-sur-la-cote-dazur\\\/\",\"name\":\"\u00c9VADEZ-VOUS SUR LA C\u00d4T\u00c9 D'AZUR ! - Centre Commercial Carrefour Creil - Saint Maximin\",\"isPartOf\":{\"@id\":\"https:\\\/\\\/www.centre-commercial.fr\\\/carrefour-creil-saint-maximin\\\/#website\"},\"primaryImageOfPage\":{\"@id\":\"https:\\\/\\\/www.centre-commercial.fr\\\/carrefour-creil-saint-maximin\\\/news-boutique\\\/evadez-vous-sur-la-cote-dazur\\\/#primaryimage\"},\"image\":{\"@id\":\"https:\\\/\\\/www.centre-commercial.fr\\\/carrefour-creil-saint-maximin\\\/news-boutique\\\/evadez-vous-sur-la-cote-dazur\\\/#primaryimage\"},\"thumbnailUrl\":\"https:\\\/\\\/www.centre-commercial.fr\\\/carrefour-creil-saint-maximin\\\/wp-content\\\/uploads\\\/sites\\\/178\\\/2025\\\/06\\\/8LxIMT7yHIkqGhjR.png\",\"datePublished\":\"2025-06-23T09:53:56+00:00\",\"dateModified\":\"2025-06-23T09:55:18+00:00\",\"breadcrumb\":{\"@id\":\"https:\\\/\\\/www.centre-commercial.fr\\\/carrefour-creil-saint-maximin\\\/news-boutique\\\/evadez-vous-sur-la-cote-dazur\\\/#breadcrumb\"},\"inLanguage\":\"fr-FR\",\"potentialAction\":[{\"@type\":\"ReadAction\",\"target\":[\"https:\\\/\\\/www.centre-commercial.fr\\\/carrefour-creil-saint-maximin\\\/news-boutique\\\/evadez-vous-sur-la-cote-dazur\\\/\"]}]},{\"@type\":\"ImageObject\",\"inLanguage\":\"fr-FR\",\"@id\":\"https:\\\/\\\/www.centre-commercial.fr\\\/carrefour-creil-saint-maximin\\\/news-boutique\\\/evadez-vous-sur-la-cote-dazur\\\/#primaryimage\",\"url\":\"https:\\\/\\\/www.centre-commercial.fr\\\/carrefour-creil-saint-maximin\\\/wp-content\\\/uploads\\\/sites\\\/178\\\/2025\\\/06\\\/8LxIMT7yHIkqGhjR.png\",\"contentUrl\":\"https:\\\/\\\/www.centre-commercial.fr\\\/carrefour-creil-saint-maximin\\\/wp-content\\\/uploads\\\/sites\\\/178\\\/2025\\\/06\\\/8LxIMT7yHIkqGhjR.png\",\"width\":917,\"height\":567},{\"@type\":\"BreadcrumbList\",\"@id\":\"https:\\\/\\\/www.centre-commercial.fr\\\/carrefour-creil-saint-maximin\\\/news-boutique\\\/evadez-vous-sur-la-cote-dazur\\\/#breadcrumb\",\"itemListElement\":[{\"@type\":\"ListItem\",\"position\":1,\"name\":\"Accueil\",\"item\":\"https:\\\/\\\/www.centre-commercial.fr\\\/carrefour-creil-saint-maximin\\\/\"},{\"@type\":\"ListItem\",\"position\":2,\"name\":\"\u00c9VADEZ-VOUS SUR LA C\u00d4T\u00c9 D&rsquo;AZUR !\",\"item\":\"https:\\\/\\\/www.centre-commercial.fr\\\/carrefour-creil-saint-maximin\\\/news-boutique\\\/evadez-vous-sur-la-cote-dazur\\\/\"}]},{\"@type\":\"WebSite\",\"@id\":\"https:\\\/\\\/www.centre-commercial.fr\\\/carrefour-creil-saint-maximin\\\/#website\",\"url\":\"https:\\\/\\\/www.centre-commercial.fr\\\/carrefour-creil-saint-maximin\\\/\",\"name\":\"Centre Commercial Carrefour Creil - Saint Maximin\",\"description\":\"\",\"publisher\":{\"@id\":\"https:\\\/\\\/www.centre-commercial.fr\\\/carrefour-creil-saint-maximin\\\/#organization\"},\"potentialAction\":[{\"@type\":\"SearchAction\",\"target\":{\"@type\":\"EntryPoint\",\"urlTemplate\":\"https:\\\/\\\/www.centre-commercial.fr\\\/carrefour-creil-saint-maximin\\\/?s={search_term_string}\"},\"query-input\":{\"@type\":\"PropertyValueSpecification\",\"valueRequired\":true,\"valueName\":\"search_term_string\"}}],\"inLanguage\":\"fr-FR\"},{\"@type\":\"Organization\",\"@id\":\"https:\\\/\\\/www.centre-commercial.fr\\\/carrefour-creil-saint-maximin\\\/#organization\",\"name\":\"Centre Commercial Carrefour Creil - Saint Maximin\",\"url\":\"https:\\\/\\\/www.centre-commercial.fr\\\/carrefour-creil-saint-maximin\\\/\",\"logo\":{\"@type\":\"ImageObject\",\"inLanguage\":\"fr-FR\",\"@id\":\"https:\\\/\\\/www.centre-commercial.fr\\\/carrefour-creil-saint-maximin\\\/#\\\/schema\\\/logo\\\/image\\\/\",\"url\":\"https:\\\/\\\/www.centre-commercial.fr\\\/carrefour-creil-saint-maximin\\\/wp-content\\\/uploads\\\/sites\\\/178\\\/2024\\\/12\\\/cropped-Creil-St-Maximin-562x192_RVB.png\",\"contentUrl\":\"https:\\\/\\\/www.centre-commercial.fr\\\/carrefour-creil-saint-maximin\\\/wp-content\\\/uploads\\\/sites\\\/178\\\/2024\\\/12\\\/cropped-Creil-St-Maximin-562x192_RVB.png\",\"width\":563,\"height\":192,\"caption\":\"Centre Commercial Carrefour Creil - Saint Maximin\"},\"image\":{\"@id\":\"https:\\\/\\\/www.centre-commercial.fr\\\/carrefour-creil-saint-maximin\\\/#\\\/schema\\\/logo\\\/image\\\/\"}}]}<\/script>\n<!-- \/ Yoast SEO plugin. -->","yoast_head_json":{"title":"\u00c9VADEZ-VOUS SUR LA C\u00d4T\u00c9 D'AZUR ! - Centre Commercial Carrefour Creil - Saint Maximin","robots":{"index":"index","follow":"follow","max-snippet":"max-snippet:-1","max-image-preview":"max-image-preview:large","max-video-preview":"max-video-preview:-1"},"canonical":"https:\/\/www.centre-commercial.fr\/carrefour-creil-saint-maximin\/news-boutique\/evadez-vous-sur-la-cote-dazur\/","og_locale":"fr_FR","og_type":"article","og_title":"\u00c9VADEZ-VOUS SUR LA C\u00d4T\u00c9 D'AZUR ! - Centre Commercial Carrefour Creil - Saint Maximin","og_description":"Partez en vacances dans un cadre idyllique au c\u0153ur de la C\u00f4te d\u2019Azur ! \ud83c\udf34 Camping 4\u2605 avec piscine, toboggans, animations, et acc\u00e8s proche de la plage \ud83c\udfca \u00a0\u00c0 seulement quelques minutes de la mer M\u00e9diterran\u00e9e \ud83c\udf0a Ambiance familiale et ensoleill\u00e9e garantie \u2600\ufe0f S\u00e9jour de 8 jours en ao\u00fbt\u00a0\u2013 p\u00e9riode id\u00e9ale pour profiter du soleil [&hellip;]","og_url":"https:\/\/www.centre-commercial.fr\/carrefour-creil-saint-maximin\/news-boutique\/evadez-vous-sur-la-cote-dazur\/","og_site_name":"Centre Commercial Carrefour Creil - Saint Maximin","article_modified_time":"2025-06-23T09:55:18+00:00","og_image":[{"width":917,"height":567,"url":"https:\/\/www.centre-commercial.fr\/carrefour-creil-saint-maximin\/wp-content\/uploads\/sites\/178\/2025\/06\/8LxIMT7yHIkqGhjR.png","type":"image\/png"}],"twitter_card":"summary_large_image","schema":{"@context":"https:\/\/schema.org","@graph":[{"@type":"WebPage","@id":"https:\/\/www.centre-commercial.fr\/carrefour-creil-saint-maximin\/news-boutique\/evadez-vous-sur-la-cote-dazur\/","url":"https:\/\/www.centre-commercial.fr\/carrefour-creil-saint-maximin\/news-boutique\/evadez-vous-sur-la-cote-dazur\/","name":"\u00c9VADEZ-VOUS SUR LA C\u00d4T\u00c9 D'AZUR ! - Centre Commercial Carrefour Creil - Saint Maximin","isPartOf":{"@id":"https:\/\/www.centre-commercial.fr\/carrefour-creil-saint-maximin\/#website"},"primaryImageOfPage":{"@id":"https:\/\/www.centre-commercial.fr\/carrefour-creil-saint-maximin\/news-boutique\/evadez-vous-sur-la-cote-dazur\/#primaryimage"},"image":{"@id":"https:\/\/www.centre-commercial.fr\/carrefour-creil-saint-maximin\/news-boutique\/evadez-vous-sur-la-cote-dazur\/#primaryimage"},"thumbnailUrl":"https:\/\/www.centre-commercial.fr\/carrefour-creil-saint-maximin\/wp-content\/uploads\/sites\/178\/2025\/06\/8LxIMT7yHIkqGhjR.png","datePublished":"2025-06-23T09:53:56+00:00","dateModified":"2025-06-23T09:55:18+00:00","breadcrumb":{"@id":"https:\/\/www.centre-commercial.fr\/carrefour-creil-saint-maximin\/news-boutique\/evadez-vous-sur-la-cote-dazur\/#breadcrumb"},"inLanguage":"fr-FR","potentialAction":[{"@type":"ReadAction","target":["https:\/\/www.centre-commercial.fr\/carrefour-creil-saint-maximin\/news-boutique\/evadez-vous-sur-la-cote-dazur\/"]}]},{"@type":"ImageObject","inLanguage":"fr-FR","@id":"https:\/\/www.centre-commercial.fr\/carrefour-creil-saint-maximin\/news-boutique\/evadez-vous-sur-la-cote-dazur\/#primaryimage","url":"https:\/\/www.centre-commercial.fr\/carrefour-creil-saint-maximin\/wp-content\/uploads\/sites\/178\/2025\/06\/8LxIMT7yHIkqGhjR.png","contentUrl":"https:\/\/www.centre-commercial.fr\/carrefour-creil-saint-maximin\/wp-content\/uploads\/sites\/178\/2025\/06\/8LxIMT7yHIkqGhjR.png","width":917,"height":567},{"@type":"BreadcrumbList","@id":"https:\/\/www.centre-commercial.fr\/carrefour-creil-saint-maximin\/news-boutique\/evadez-vous-sur-la-cote-dazur\/#breadcrumb","itemListElement":[{"@type":"ListItem","position":1,"name":"Accueil","item":"https:\/\/www.centre-commercial.fr\/carrefour-creil-saint-maximin\/"},{"@type":"ListItem","position":2,"name":"\u00c9VADEZ-VOUS SUR LA C\u00d4T\u00c9 D&rsquo;AZUR !","item":"https:\/\/www.centre-commercial.fr\/carrefour-creil-saint-maximin\/news-boutique\/evadez-vous-sur-la-cote-dazur\/"}]},{"@type":"WebSite","@id":"https:\/\/www.centre-commercial.fr\/carrefour-creil-saint-maximin\/#website","url":"https:\/\/www.centre-commercial.fr\/carrefour-creil-saint-maximin\/","name":"Centre Commercial Carrefour Creil - Saint Maximin","description":"","publisher":{"@id":"https:\/\/www.centre-commercial.fr\/carrefour-creil-saint-maximin\/#organization"},"potentialAction":[{"@type":"SearchAction","target":{"@type":"EntryPoint","urlTemplate":"https:\/\/www.centre-commercial.fr\/carrefour-creil-saint-maximin\/?s={search_term_string}"},"query-input":{"@type":"PropertyValueSpecification","valueRequired":true,"valueName":"search_term_string"}}],"inLanguage":"fr-FR"},{"@type":"Organization","@id":"https:\/\/www.centre-commercial.fr\/carrefour-creil-saint-maximin\/#organization","name":"Centre Commercial Carrefour Creil - Saint Maximin","url":"https:\/\/www.centre-commercial.fr\/carrefour-creil-saint-maximin\/","logo":{"@type":"ImageObject","inLanguage":"fr-FR","@id":"https:\/\/www.centre-commercial.fr\/carrefour-creil-saint-maximin\/#\/schema\/logo\/image\/","url":"https:\/\/www.centre-commercial.fr\/carrefour-creil-saint-maximin\/wp-content\/uploads\/sites\/178\/2024\/12\/cropped-Creil-St-Maximin-562x192_RVB.png","contentUrl":"https:\/\/www.centre-commercial.fr\/carrefour-creil-saint-maximin\/wp-content\/uploads\/sites\/178\/2024\/12\/cropped-Creil-St-Maximin-562x192_RVB.png","width":563,"height":192,"caption":"Centre Commercial Carrefour Creil - Saint Maximin"},"image":{"@id":"https:\/\/www.centre-commercial.fr\/carrefour-creil-saint-maximin\/#\/schema\/logo\/image\/"}}]}},"publishpress_future_action":{"enabled":false,"date":"2026-09-08 21:05:42","action":"change-status","newStatus":"draft","terms":[],"taxonomy":"","extraData":[]},"publishpress_future_workflow_manual_trigger":{"enabledWorkflows":[]},"_links":{"self":[{"href":"https:\/\/www.centre-commercial.fr\/carrefour-creil-saint-maximin\/wp-json\/wp\/v2\/news-boutique\/36347347","targetHints":{"allow":["GET"]}}],"collection":[{"href":"https:\/\/www.centre-commercial.fr\/carrefour-creil-saint-maximin\/wp-json\/wp\/v2\/news-boutique"}],"about":[{"href":"https:\/\/www.centre-commercial.fr\/carrefour-creil-saint-maximin\/wp-json\/wp\/v2\/types\/news-boutique"}],"author":[{"embeddable":true,"href":"https:\/\/www.centre-commercial.fr\/carrefour-creil-saint-maximin\/wp-json\/wp\/v2\/users\/52430"}],"version-history":[{"count":1,"href":"https:\/\/www.centre-commercial.fr\/carrefour-creil-saint-maximin\/wp-json\/wp\/v2\/news-boutique\/36347347\/revisions"}],"predecessor-version":[{"id":36347349,"href":"https:\/\/www.centre-commercial.fr\/carrefour-creil-saint-maximin\/wp-json\/wp\/v2\/news-boutique\/36347347\/revisions\/36347349"}],"wp:featuredmedia":[{"embeddable":true,"href":"https:\/\/www.centre-commercial.fr\/carrefour-creil-saint-maximin\/wp-json\/wp\/v2\/media\/36347348"}],"wp:attachment":[{"href":"https:\/\/www.centre-commercial.fr\/carrefour-creil-saint-maximin\/wp-json\/wp\/v2\/media?parent=36347347"}],"curies":[{"name":"wp","href":"https:\/\/api.w.org\/{rel}","templated":true}]}}