{"id":36391321,"date":"2026-08-19T12:26:45","date_gmt":"2026-08-19T10:26:45","guid":{"rendered":"https:\/\/www.centre-commercial.fr\/carrefour-brou\/?post_type=news-centre&#038;p=36391321"},"modified":"2026-08-21T12:16:50","modified_gmt":"2026-08-21T10:16:50","slug":"cest-la-rentree-au-centre-commercial-carrefour-bourg-en-bresse-animations-studio-photo-et-supers-pouvoirs","status":"publish","type":"news-centre","link":"https:\/\/www.centre-commercial.fr\/carrefour-brou\/news-centre\/cest-la-rentree-au-centre-commercial-carrefour-bourg-en-bresse-animations-studio-photo-et-supers-pouvoirs\/","title":{"rendered":"\ud83c\udf92 C\u2019est la rentr\u00e9e au Centre Commercial Carrefour Bourg-en-Bresse : Animations, studio photo et supers-pouvoirs !"},"content":{"rendered":"\n<p>Pour c\u00e9l\u00e9brer la fin des vacances et pr\u00e9parer la rentr\u00e9e scolaire dans la joie et la bonne humeur, votre centre commercial vous propose un programme riche en souvenirs et en d\u00e9couvertes pour toute la famille !<\/p>\n\n\n\n<h3 class=\"wp-block-heading\">\ud83d\udcf8 Studio Photo de Rentr\u00e9e avec Baptiste<\/h3>\n\n\n\n<p><strong>Du 25 ao\u00fbt au 5 septembre 2026<\/strong> <em>(Tous les jours , sauf le dimanche, de 10h \u00e0 13h et de 14h \u00e0 18h)<\/em><\/p>\n\n\n\n<p>Immortalisez le retour \u00e0 l&rsquo;\u00e9cole de vos enfants ! <\/p>\n\n\n\n<p>Baptiste, photographe professionnel cumulant 17 ans d&rsquo;exp\u00e9rience, installe son studio photo en galerie avec un super d\u00e9cor scolaire.<\/p>\n\n\n\n<ul class=\"wp-block-list\">\n<li>\ud83d\udcf8 <strong>S\u00e9ance offerte<\/strong> pour toutes les familles<\/li>\n\n\n\n<li>\ud83c\udf81 <strong>1 photo num\u00e9rique OFFERTE<\/strong><\/li>\n\n\n\n<li>\ud83d\udcbb Choix de vos clich\u00e9s directement sur \u00e9cran apr\u00e8s la s\u00e9ance<\/li>\n\n\n\n<li> Possibilit\u00e9 de r\u00e9aliser vos <strong>photos d&rsquo;identit\u00e9<\/strong> pour les dossiers de rentr\u00e9e<\/li>\n<\/ul>\n\n\n\n<p>\ud83d\udc49 <strong>R\u00e9server votre cr\u00e9neau par t\u00e9l\u00e9phone : <\/strong>06 52 53 60 40<\/p>\n\n\n\n<h3 class=\"wp-block-heading\">\ud83e\uddea L\u2019Atelier des Petits Scientifiques : Les H\u00e9ros !<\/h3>\n\n\n\n<p><strong>Le mercredi 2 septembre 2026<\/strong> <em>(De 13h \u00e0 18h)<\/em><\/p>\n\n\n\n<p>Dans le cadre des <em>Rendez-vous d&rsquo;Elfy &amp; Crini\u00e8re<\/em>, vos enfants vont d\u00e9couvrir que la r\u00e9alit\u00e9 rejoint parfois la fiction ! \u00c0 travers des exp\u00e9riences ludiques et participatives, ils exploreront les secrets du magn\u00e9tisme, de l&rsquo;\u00e9lasticit\u00e9, des r\u00e9flexes et de l&rsquo;\u00e9lectricit\u00e9.<\/p>\n\n\n\n<ul class=\"wp-block-list\">\n<li>\ud83c\udf9f\ufe0f <strong>Animation 100% gratuite<\/strong>, entr\u00e9e libre et sans r\u00e9servation.<\/li>\n<\/ul>\n\n\n\n<h3 class=\"wp-block-heading\">\ud83c\udfad <strong>\u00c9v\u00e9nement : Un vent du show souffle sur votre centre commercial !<\/strong><\/h3>\n\n\n\n<p>\u00c0 l&rsquo;approche de la rentr\u00e9e, votre centre commercial passe en mode spectacle ! Pour rythmer vos achats de fin d&rsquo;\u00e9t\u00e9 et faire le plein d&rsquo;\u00e9nergie, nous vous donnons rendez-vous pour deux apr\u00e8s-midis d&rsquo;animations exceptionnelles et gratuit pour toute la famille.<\/p>\n\n\n\n<p><strong>\ud83d\udc83 Mercredi 26 ao\u00fbt (14h \u2013 18h) : High School Dance Show<\/strong> Plongez dans l&rsquo;ambiance survolt\u00e9e des plus c\u00e9l\u00e8bres com\u00e9dies musicales pour ados ! Nos danseurs pros investissent la galerie pour une s\u00e9rie de d\u00e9monstrations explosives et de chor\u00e9graphies interactives. Un show moderne et rythm\u00e9 qui va faire bouger petits et grands !<\/p>\n\n\n\n<p><strong>\ud83c\udfc0 Samedi 29 ao\u00fbt (14h \u2013 18h) : Show Freestyle Basket<\/strong> Pr\u00e9parez-vous \u00e0 en prendre plein les yeux ! Figures acrobatiques, dribbles impossibles et dunk spectaculaires : nos freestylers professionnels vont transformer le centre commercial en v\u00e9ritable terrain du spectacle. D\u00e9fis, initiations et bonne humeur garantis tout au long de l&rsquo;apr\u00e8s-midi.<\/p>\n\n\n\n<p>\ud83d\udccd <strong>O\u00f9 ?<\/strong> Dans la galerie centrale de votre centre commercial<\/p>\n\n\n\n<p>\ud83c\udf9f\ufe0f <strong>Acc\u00e8s :<\/strong> Gratuit et ouvert \u00e0 tous<\/p>\n","protected":false},"author":52438,"featured_media":36391339,"template":"","class_list":["post-36391321","news-centre","type-news-centre","status-publish","has-post-thumbnail","hentry"],"acf":[],"yoast_head":"<!-- This site is optimized with the Yoast SEO plugin v27.7 - https:\/\/yoast.com\/product\/yoast-seo-wordpress\/ -->\n<title>\ud83c\udf92 C\u2019est la rentr\u00e9e au Centre Commercial Carrefour Bourg-en-Bresse : Animations, studio photo et supers-pouvoirs ! - Centre Commercial Carrefour Bourg en Bresse<\/title>\n<meta name=\"robots\" content=\"index, follow, max-snippet:-1, max-image-preview:large, max-video-preview:-1\" \/>\n<link rel=\"canonical\" href=\"https:\/\/www.centre-commercial.fr\/carrefour-brou\/news-centre\/cest-la-rentree-au-centre-commercial-carrefour-bourg-en-bresse-animations-studio-photo-et-supers-pouvoirs\/\" \/>\n<meta property=\"og:locale\" content=\"fr_FR\" \/>\n<meta property=\"og:type\" content=\"article\" \/>\n<meta property=\"og:title\" content=\"\ud83c\udf92 C\u2019est la rentr\u00e9e au Centre Commercial Carrefour Bourg-en-Bresse : Animations, studio photo et supers-pouvoirs ! - Centre Commercial Carrefour Bourg en Bresse\" \/>\n<meta property=\"og:description\" content=\"Pour c\u00e9l\u00e9brer la fin des vacances et pr\u00e9parer la rentr\u00e9e scolaire dans la joie et la bonne humeur, votre centre commercial vous propose un programme riche en souvenirs et en d\u00e9couvertes pour toute la famille ! \ud83d\udcf8 Studio Photo de Rentr\u00e9e avec Baptiste Du 25 ao\u00fbt au 5 septembre 2026 (Tous les jours , sauf [&hellip;]\" \/>\n<meta property=\"og:url\" content=\"https:\/\/www.centre-commercial.fr\/carrefour-brou\/news-centre\/cest-la-rentree-au-centre-commercial-carrefour-bourg-en-bresse-animations-studio-photo-et-supers-pouvoirs\/\" \/>\n<meta property=\"og:site_name\" content=\"Centre Commercial Carrefour Bourg en Bresse\" \/>\n<meta property=\"article:modified_time\" content=\"2026-08-21T10:16:50+00:00\" \/>\n<meta property=\"og:image\" content=\"https:\/\/www.centre-commercial.fr\/carrefour-brou\/wp-content\/uploads\/sites\/107\/2026\/08\/tourisme-3.png\" \/>\n\t<meta property=\"og:image:width\" content=\"1200\" \/>\n\t<meta property=\"og:image:height\" content=\"628\" \/>\n\t<meta property=\"og:image:type\" content=\"image\/png\" \/>\n<meta name=\"twitter:card\" content=\"summary_large_image\" \/>\n<meta name=\"twitter:label1\" content=\"Dur\u00e9e de lecture estim\u00e9e\" \/>\n\t<meta name=\"twitter:data1\" content=\"2 minutes\" \/>\n<script type=\"application\/ld+json\" class=\"yoast-schema-graph\">{\"@context\":\"https:\\\/\\\/schema.org\",\"@graph\":[{\"@type\":\"WebPage\",\"@id\":\"https:\\\/\\\/www.centre-commercial.fr\\\/carrefour-brou\\\/news-centre\\\/cest-la-rentree-au-centre-commercial-carrefour-bourg-en-bresse-animations-studio-photo-et-supers-pouvoirs\\\/\",\"url\":\"https:\\\/\\\/www.centre-commercial.fr\\\/carrefour-brou\\\/news-centre\\\/cest-la-rentree-au-centre-commercial-carrefour-bourg-en-bresse-animations-studio-photo-et-supers-pouvoirs\\\/\",\"name\":\"\ud83c\udf92 C\u2019est la rentr\u00e9e au Centre Commercial Carrefour Bourg-en-Bresse : Animations, studio photo et supers-pouvoirs ! - Centre Commercial Carrefour Bourg en Bresse\",\"isPartOf\":{\"@id\":\"https:\\\/\\\/www.centre-commercial.fr\\\/carrefour-brou\\\/#website\"},\"primaryImageOfPage\":{\"@id\":\"https:\\\/\\\/www.centre-commercial.fr\\\/carrefour-brou\\\/news-centre\\\/cest-la-rentree-au-centre-commercial-carrefour-bourg-en-bresse-animations-studio-photo-et-supers-pouvoirs\\\/#primaryimage\"},\"image\":{\"@id\":\"https:\\\/\\\/www.centre-commercial.fr\\\/carrefour-brou\\\/news-centre\\\/cest-la-rentree-au-centre-commercial-carrefour-bourg-en-bresse-animations-studio-photo-et-supers-pouvoirs\\\/#primaryimage\"},\"thumbnailUrl\":\"https:\\\/\\\/www.centre-commercial.fr\\\/carrefour-brou\\\/wp-content\\\/uploads\\\/sites\\\/107\\\/2026\\\/08\\\/tourisme-3.png\",\"datePublished\":\"2026-08-19T10:26:45+00:00\",\"dateModified\":\"2026-08-21T10:16:50+00:00\",\"breadcrumb\":{\"@id\":\"https:\\\/\\\/www.centre-commercial.fr\\\/carrefour-brou\\\/news-centre\\\/cest-la-rentree-au-centre-commercial-carrefour-bourg-en-bresse-animations-studio-photo-et-supers-pouvoirs\\\/#breadcrumb\"},\"inLanguage\":\"fr-FR\",\"potentialAction\":[{\"@type\":\"ReadAction\",\"target\":[\"https:\\\/\\\/www.centre-commercial.fr\\\/carrefour-brou\\\/news-centre\\\/cest-la-rentree-au-centre-commercial-carrefour-bourg-en-bresse-animations-studio-photo-et-supers-pouvoirs\\\/\"]}]},{\"@type\":\"ImageObject\",\"inLanguage\":\"fr-FR\",\"@id\":\"https:\\\/\\\/www.centre-commercial.fr\\\/carrefour-brou\\\/news-centre\\\/cest-la-rentree-au-centre-commercial-carrefour-bourg-en-bresse-animations-studio-photo-et-supers-pouvoirs\\\/#primaryimage\",\"url\":\"https:\\\/\\\/www.centre-commercial.fr\\\/carrefour-brou\\\/wp-content\\\/uploads\\\/sites\\\/107\\\/2026\\\/08\\\/tourisme-3.png\",\"contentUrl\":\"https:\\\/\\\/www.centre-commercial.fr\\\/carrefour-brou\\\/wp-content\\\/uploads\\\/sites\\\/107\\\/2026\\\/08\\\/tourisme-3.png\",\"width\":1200,\"height\":628},{\"@type\":\"BreadcrumbList\",\"@id\":\"https:\\\/\\\/www.centre-commercial.fr\\\/carrefour-brou\\\/news-centre\\\/cest-la-rentree-au-centre-commercial-carrefour-bourg-en-bresse-animations-studio-photo-et-supers-pouvoirs\\\/#breadcrumb\",\"itemListElement\":[{\"@type\":\"ListItem\",\"position\":1,\"name\":\"Accueil\",\"item\":\"https:\\\/\\\/www.centre-commercial.fr\\\/carrefour-brou\\\/\"},{\"@type\":\"ListItem\",\"position\":2,\"name\":\"News Centre\",\"item\":\"https:\\\/\\\/www.centre-commercial.fr\\\/carrefour-brou\\\/actus-shopping\\\/\"},{\"@type\":\"ListItem\",\"position\":3,\"name\":\"\ud83c\udf92 C\u2019est la rentr\u00e9e au Centre Commercial Carrefour Bourg-en-Bresse : Animations, studio photo et supers-pouvoirs !\",\"item\":\"https:\\\/\\\/www.centre-commercial.fr\\\/carrefour-brou\\\/news-centre\\\/cest-la-rentree-au-centre-commercial-carrefour-bourg-en-bresse-animations-studio-photo-et-supers-pouvoirs\\\/\"}]},{\"@type\":\"WebSite\",\"@id\":\"https:\\\/\\\/www.centre-commercial.fr\\\/carrefour-brou\\\/#website\",\"url\":\"https:\\\/\\\/www.centre-commercial.fr\\\/carrefour-brou\\\/\",\"name\":\"Centre Commercial Carrefour Bourg en Bresse\",\"description\":\"\",\"publisher\":{\"@id\":\"https:\\\/\\\/www.centre-commercial.fr\\\/carrefour-brou\\\/#organization\"},\"potentialAction\":[{\"@type\":\"SearchAction\",\"target\":{\"@type\":\"EntryPoint\",\"urlTemplate\":\"https:\\\/\\\/www.centre-commercial.fr\\\/carrefour-brou\\\/?s={search_term_string}\"},\"query-input\":{\"@type\":\"PropertyValueSpecification\",\"valueRequired\":true,\"valueName\":\"search_term_string\"}}],\"inLanguage\":\"fr-FR\"},{\"@type\":\"Organization\",\"@id\":\"https:\\\/\\\/www.centre-commercial.fr\\\/carrefour-brou\\\/#organization\",\"name\":\"Centre Commercial Carrefour Bourg en Bresse\",\"url\":\"https:\\\/\\\/www.centre-commercial.fr\\\/carrefour-brou\\\/\",\"logo\":{\"@type\":\"ImageObject\",\"inLanguage\":\"fr-FR\",\"@id\":\"https:\\\/\\\/www.centre-commercial.fr\\\/carrefour-brou\\\/#\\\/schema\\\/logo\\\/image\\\/\",\"url\":\"https:\\\/\\\/www.centre-commercial.fr\\\/carrefour-brou\\\/wp-content\\\/uploads\\\/sites\\\/107\\\/2019\\\/08\\\/cropped-Brou-bour-en-bresse.png\",\"contentUrl\":\"https:\\\/\\\/www.centre-commercial.fr\\\/carrefour-brou\\\/wp-content\\\/uploads\\\/sites\\\/107\\\/2019\\\/08\\\/cropped-Brou-bour-en-bresse.png\",\"width\":206,\"height\":70,\"caption\":\"Centre Commercial Carrefour Bourg en Bresse\"},\"image\":{\"@id\":\"https:\\\/\\\/www.centre-commercial.fr\\\/carrefour-brou\\\/#\\\/schema\\\/logo\\\/image\\\/\"}}]}<\/script>\n<!-- \/ Yoast SEO plugin. -->","yoast_head_json":{"title":"\ud83c\udf92 C\u2019est la rentr\u00e9e au Centre Commercial Carrefour Bourg-en-Bresse : Animations, studio photo et supers-pouvoirs ! - Centre Commercial Carrefour Bourg en Bresse","robots":{"index":"index","follow":"follow","max-snippet":"max-snippet:-1","max-image-preview":"max-image-preview:large","max-video-preview":"max-video-preview:-1"},"canonical":"https:\/\/www.centre-commercial.fr\/carrefour-brou\/news-centre\/cest-la-rentree-au-centre-commercial-carrefour-bourg-en-bresse-animations-studio-photo-et-supers-pouvoirs\/","og_locale":"fr_FR","og_type":"article","og_title":"\ud83c\udf92 C\u2019est la rentr\u00e9e au Centre Commercial Carrefour Bourg-en-Bresse : Animations, studio photo et supers-pouvoirs ! - Centre Commercial Carrefour Bourg en Bresse","og_description":"Pour c\u00e9l\u00e9brer la fin des vacances et pr\u00e9parer la rentr\u00e9e scolaire dans la joie et la bonne humeur, votre centre commercial vous propose un programme riche en souvenirs et en d\u00e9couvertes pour toute la famille ! \ud83d\udcf8 Studio Photo de Rentr\u00e9e avec Baptiste Du 25 ao\u00fbt au 5 septembre 2026 (Tous les jours , sauf [&hellip;]","og_url":"https:\/\/www.centre-commercial.fr\/carrefour-brou\/news-centre\/cest-la-rentree-au-centre-commercial-carrefour-bourg-en-bresse-animations-studio-photo-et-supers-pouvoirs\/","og_site_name":"Centre Commercial Carrefour Bourg en Bresse","article_modified_time":"2026-08-21T10:16:50+00:00","og_image":[{"width":1200,"height":628,"url":"https:\/\/www.centre-commercial.fr\/carrefour-brou\/wp-content\/uploads\/sites\/107\/2026\/08\/tourisme-3.png","type":"image\/png"}],"twitter_card":"summary_large_image","twitter_misc":{"Dur\u00e9e de lecture estim\u00e9e":"2 minutes"},"schema":{"@context":"https:\/\/schema.org","@graph":[{"@type":"WebPage","@id":"https:\/\/www.centre-commercial.fr\/carrefour-brou\/news-centre\/cest-la-rentree-au-centre-commercial-carrefour-bourg-en-bresse-animations-studio-photo-et-supers-pouvoirs\/","url":"https:\/\/www.centre-commercial.fr\/carrefour-brou\/news-centre\/cest-la-rentree-au-centre-commercial-carrefour-bourg-en-bresse-animations-studio-photo-et-supers-pouvoirs\/","name":"\ud83c\udf92 C\u2019est la rentr\u00e9e au Centre Commercial Carrefour Bourg-en-Bresse : Animations, studio photo et supers-pouvoirs ! - Centre Commercial Carrefour Bourg en Bresse","isPartOf":{"@id":"https:\/\/www.centre-commercial.fr\/carrefour-brou\/#website"},"primaryImageOfPage":{"@id":"https:\/\/www.centre-commercial.fr\/carrefour-brou\/news-centre\/cest-la-rentree-au-centre-commercial-carrefour-bourg-en-bresse-animations-studio-photo-et-supers-pouvoirs\/#primaryimage"},"image":{"@id":"https:\/\/www.centre-commercial.fr\/carrefour-brou\/news-centre\/cest-la-rentree-au-centre-commercial-carrefour-bourg-en-bresse-animations-studio-photo-et-supers-pouvoirs\/#primaryimage"},"thumbnailUrl":"https:\/\/www.centre-commercial.fr\/carrefour-brou\/wp-content\/uploads\/sites\/107\/2026\/08\/tourisme-3.png","datePublished":"2026-08-19T10:26:45+00:00","dateModified":"2026-08-21T10:16:50+00:00","breadcrumb":{"@id":"https:\/\/www.centre-commercial.fr\/carrefour-brou\/news-centre\/cest-la-rentree-au-centre-commercial-carrefour-bourg-en-bresse-animations-studio-photo-et-supers-pouvoirs\/#breadcrumb"},"inLanguage":"fr-FR","potentialAction":[{"@type":"ReadAction","target":["https:\/\/www.centre-commercial.fr\/carrefour-brou\/news-centre\/cest-la-rentree-au-centre-commercial-carrefour-bourg-en-bresse-animations-studio-photo-et-supers-pouvoirs\/"]}]},{"@type":"ImageObject","inLanguage":"fr-FR","@id":"https:\/\/www.centre-commercial.fr\/carrefour-brou\/news-centre\/cest-la-rentree-au-centre-commercial-carrefour-bourg-en-bresse-animations-studio-photo-et-supers-pouvoirs\/#primaryimage","url":"https:\/\/www.centre-commercial.fr\/carrefour-brou\/wp-content\/uploads\/sites\/107\/2026\/08\/tourisme-3.png","contentUrl":"https:\/\/www.centre-commercial.fr\/carrefour-brou\/wp-content\/uploads\/sites\/107\/2026\/08\/tourisme-3.png","width":1200,"height":628},{"@type":"BreadcrumbList","@id":"https:\/\/www.centre-commercial.fr\/carrefour-brou\/news-centre\/cest-la-rentree-au-centre-commercial-carrefour-bourg-en-bresse-animations-studio-photo-et-supers-pouvoirs\/#breadcrumb","itemListElement":[{"@type":"ListItem","position":1,"name":"Accueil","item":"https:\/\/www.centre-commercial.fr\/carrefour-brou\/"},{"@type":"ListItem","position":2,"name":"News Centre","item":"https:\/\/www.centre-commercial.fr\/carrefour-brou\/actus-shopping\/"},{"@type":"ListItem","position":3,"name":"\ud83c\udf92 C\u2019est la rentr\u00e9e au Centre Commercial Carrefour Bourg-en-Bresse : Animations, studio photo et supers-pouvoirs !","item":"https:\/\/www.centre-commercial.fr\/carrefour-brou\/news-centre\/cest-la-rentree-au-centre-commercial-carrefour-bourg-en-bresse-animations-studio-photo-et-supers-pouvoirs\/"}]},{"@type":"WebSite","@id":"https:\/\/www.centre-commercial.fr\/carrefour-brou\/#website","url":"https:\/\/www.centre-commercial.fr\/carrefour-brou\/","name":"Centre Commercial Carrefour Bourg en Bresse","description":"","publisher":{"@id":"https:\/\/www.centre-commercial.fr\/carrefour-brou\/#organization"},"potentialAction":[{"@type":"SearchAction","target":{"@type":"EntryPoint","urlTemplate":"https:\/\/www.centre-commercial.fr\/carrefour-brou\/?s={search_term_string}"},"query-input":{"@type":"PropertyValueSpecification","valueRequired":true,"valueName":"search_term_string"}}],"inLanguage":"fr-FR"},{"@type":"Organization","@id":"https:\/\/www.centre-commercial.fr\/carrefour-brou\/#organization","name":"Centre Commercial Carrefour Bourg en Bresse","url":"https:\/\/www.centre-commercial.fr\/carrefour-brou\/","logo":{"@type":"ImageObject","inLanguage":"fr-FR","@id":"https:\/\/www.centre-commercial.fr\/carrefour-brou\/#\/schema\/logo\/image\/","url":"https:\/\/www.centre-commercial.fr\/carrefour-brou\/wp-content\/uploads\/sites\/107\/2019\/08\/cropped-Brou-bour-en-bresse.png","contentUrl":"https:\/\/www.centre-commercial.fr\/carrefour-brou\/wp-content\/uploads\/sites\/107\/2019\/08\/cropped-Brou-bour-en-bresse.png","width":206,"height":70,"caption":"Centre Commercial Carrefour Bourg en Bresse"},"image":{"@id":"https:\/\/www.centre-commercial.fr\/carrefour-brou\/#\/schema\/logo\/image\/"}}]}},"publishpress_future_action":{"enabled":true,"date":"2026-09-05 12:26:45","action":"change-status","newStatus":"draft","terms":[],"taxonomy":"","extraData":[]},"publishpress_future_workflow_manual_trigger":{"enabledWorkflows":[]},"_links":{"self":[{"href":"https:\/\/www.centre-commercial.fr\/carrefour-brou\/wp-json\/wp\/v2\/news-centre\/36391321","targetHints":{"allow":["GET"]}}],"collection":[{"href":"https:\/\/www.centre-commercial.fr\/carrefour-brou\/wp-json\/wp\/v2\/news-centre"}],"about":[{"href":"https:\/\/www.centre-commercial.fr\/carrefour-brou\/wp-json\/wp\/v2\/types\/news-centre"}],"author":[{"embeddable":true,"href":"https:\/\/www.centre-commercial.fr\/carrefour-brou\/wp-json\/wp\/v2\/users\/52438"}],"version-history":[{"count":2,"href":"https:\/\/www.centre-commercial.fr\/carrefour-brou\/wp-json\/wp\/v2\/news-centre\/36391321\/revisions"}],"predecessor-version":[{"id":36391335,"href":"https:\/\/www.centre-commercial.fr\/carrefour-brou\/wp-json\/wp\/v2\/news-centre\/36391321\/revisions\/36391335"}],"wp:featuredmedia":[{"embeddable":true,"href":"https:\/\/www.centre-commercial.fr\/carrefour-brou\/wp-json\/wp\/v2\/media\/36391339"}],"wp:attachment":[{"href":"https:\/\/www.centre-commercial.fr\/carrefour-brou\/wp-json\/wp\/v2\/media?parent=36391321"}],"curies":[{"name":"wp","href":"https:\/\/api.w.org\/{rel}","templated":true}]}}