{"id":36443860,"date":"2026-08-28T19:00:00","date_gmt":"2026-08-28T17:00:00","guid":{"rendered":"https:\/\/www.centre-commercial.fr\/carrefour-aix-la-pioline\/?post_type=news-centre&#038;p=36443860"},"modified":"2026-08-04T09:04:54","modified_gmt":"2026-08-04T07:04:54","slug":"bon-plan-grande-vente-de-plantes","status":"publish","type":"news-centre","link":"https:\/\/www.centre-commercial.fr\/carrefour-aix-la-pioline\/news-centre\/bon-plan-grande-vente-de-plantes\/","title":{"rendered":"BON PLAN &#8211; GRANDE VENTE DE PLANTES"},"content":{"rendered":"\n<p><\/p>\n\n\n\n<p>Amateurs, amatrices de plantes ! Rendez-vous avec PLANTES ADDICT le samedi 5 septembre prochain (uniquement) dans votre centre commercial !<\/p>\n\n\n\n<p>Profitez d&rsquo;un choix de + de 100 vari\u00e9t\u00e9s de plantes d&rsquo;ext\u00e9rieur et d&rsquo;int\u00e9rieur : Palmiers, oliviers, agrumes&#8230; Premier arriv\u00e9, premier servi ! Le stock est limit\u00e9 le samedi !<\/p>\n\n\n\n<p>Prix :<br>&#8211; 1\u20ac \u00e0 10\u20ac pour les petites et moyennes plantes<br>&#8211; 15\u20ac \u00e0 150\u20ac pour les grandes plantes<\/p>\n\n\n\n<p>LIEN VERS LA PR\u00c9COMMANDE \u00e0 copier\/coller dans votre navigateur (\u00e0 venir r\u00e9cup\u00e9rer \u00e0 la vente le samedi 5 septembre)\u00a0<a href=\"https:\/\/www.plantesaddict.fr\/events\/35\" target=\"_blank\" rel=\"noreferrer noopener\">https:\/\/www.plantesaddict.fr\/events\/35<\/a><\/p>\n\n\n\n<p>INFOS PRATIQUES :<br>Ouverture le samedi 5 septembre (10h30 &#8211; 15h30) Peut \u00eatre amen\u00e9e \u00e0 fermer avant si \u00e9puisement des stocks<br>Paiement en CB<br>Rendez-vous \u00e0 c\u00f4t\u00e9 de SFR<\/p>\n","protected":false},"author":52445,"featured_media":36443861,"template":"","class_list":["post-36443860","news-centre","type-news-centre","status-publish","has-post-thumbnail","hentry"],"acf":[],"yoast_head":"<!-- This site is optimized with the Yoast SEO plugin v27.7 - https:\/\/yoast.com\/product\/yoast-seo-wordpress\/ -->\n<title>BON PLAN - GRANDE VENTE DE PLANTES - Centre commercial Aix La Pioline<\/title>\n<meta name=\"robots\" content=\"index, follow, max-snippet:-1, max-image-preview:large, max-video-preview:-1\" \/>\n<link rel=\"canonical\" href=\"http:\/\/www.centre-commercial.fr\/carrefour-aix-la-pioline\/news-centre\/bon-plan-grande-vente-de-plantes\/\" \/>\n<meta property=\"og:locale\" content=\"fr_FR\" \/>\n<meta property=\"og:type\" content=\"article\" \/>\n<meta property=\"og:title\" content=\"BON PLAN - GRANDE VENTE DE PLANTES - Centre commercial Aix La Pioline\" \/>\n<meta property=\"og:description\" content=\"Amateurs, amatrices de plantes ! Rendez-vous avec PLANTES ADDICT le samedi 5 septembre prochain (uniquement) dans votre centre commercial ! Profitez d&rsquo;un choix de + de 100 vari\u00e9t\u00e9s de plantes d&rsquo;ext\u00e9rieur et d&rsquo;int\u00e9rieur : Palmiers, oliviers, agrumes&#8230; Premier arriv\u00e9, premier servi ! Le stock est limit\u00e9 le samedi ! Prix :&#8211; 1\u20ac \u00e0 10\u20ac pour [&hellip;]\" \/>\n<meta property=\"og:url\" content=\"http:\/\/www.centre-commercial.fr\/carrefour-aix-la-pioline\/news-centre\/bon-plan-grande-vente-de-plantes\/\" \/>\n<meta property=\"og:site_name\" content=\"Centre commercial Aix La Pioline\" \/>\n<meta property=\"og:image\" content=\"https:\/\/www.centre-commercial.fr\/carrefour-aix-la-pioline\/wp-content\/uploads\/sites\/27\/2026\/08\/PLANTES-ADDICT-Photo-3.jpg\" \/>\n\t<meta property=\"og:image:width\" content=\"1536\" \/>\n\t<meta property=\"og:image:height\" content=\"2048\" \/>\n\t<meta property=\"og:image:type\" content=\"image\/jpeg\" \/>\n<meta name=\"twitter:card\" content=\"summary_large_image\" \/>\n<meta name=\"twitter:label1\" content=\"Dur\u00e9e de lecture estim\u00e9e\" \/>\n\t<meta name=\"twitter:data1\" content=\"1 minute\" \/>\n<script type=\"application\/ld+json\" class=\"yoast-schema-graph\">{\"@context\":\"https:\\\/\\\/schema.org\",\"@graph\":[{\"@type\":\"WebPage\",\"@id\":\"http:\\\/\\\/www.centre-commercial.fr\\\/carrefour-aix-la-pioline\\\/news-centre\\\/bon-plan-grande-vente-de-plantes\\\/\",\"url\":\"http:\\\/\\\/www.centre-commercial.fr\\\/carrefour-aix-la-pioline\\\/news-centre\\\/bon-plan-grande-vente-de-plantes\\\/\",\"name\":\"BON PLAN - GRANDE VENTE DE PLANTES - Centre commercial Aix La Pioline\",\"isPartOf\":{\"@id\":\"https:\\\/\\\/www.centre-commercial.fr\\\/carrefour-aix-la-pioline\\\/#website\"},\"primaryImageOfPage\":{\"@id\":\"http:\\\/\\\/www.centre-commercial.fr\\\/carrefour-aix-la-pioline\\\/news-centre\\\/bon-plan-grande-vente-de-plantes\\\/#primaryimage\"},\"image\":{\"@id\":\"http:\\\/\\\/www.centre-commercial.fr\\\/carrefour-aix-la-pioline\\\/news-centre\\\/bon-plan-grande-vente-de-plantes\\\/#primaryimage\"},\"thumbnailUrl\":\"https:\\\/\\\/www.centre-commercial.fr\\\/carrefour-aix-la-pioline\\\/wp-content\\\/uploads\\\/sites\\\/27\\\/2026\\\/08\\\/PLANTES-ADDICT-Photo-3.jpg\",\"datePublished\":\"2026-08-28T17:00:00+00:00\",\"breadcrumb\":{\"@id\":\"http:\\\/\\\/www.centre-commercial.fr\\\/carrefour-aix-la-pioline\\\/news-centre\\\/bon-plan-grande-vente-de-plantes\\\/#breadcrumb\"},\"inLanguage\":\"fr-FR\",\"potentialAction\":[{\"@type\":\"ReadAction\",\"target\":[\"http:\\\/\\\/www.centre-commercial.fr\\\/carrefour-aix-la-pioline\\\/news-centre\\\/bon-plan-grande-vente-de-plantes\\\/\"]}]},{\"@type\":\"ImageObject\",\"inLanguage\":\"fr-FR\",\"@id\":\"http:\\\/\\\/www.centre-commercial.fr\\\/carrefour-aix-la-pioline\\\/news-centre\\\/bon-plan-grande-vente-de-plantes\\\/#primaryimage\",\"url\":\"https:\\\/\\\/www.centre-commercial.fr\\\/carrefour-aix-la-pioline\\\/wp-content\\\/uploads\\\/sites\\\/27\\\/2026\\\/08\\\/PLANTES-ADDICT-Photo-3.jpg\",\"contentUrl\":\"https:\\\/\\\/www.centre-commercial.fr\\\/carrefour-aix-la-pioline\\\/wp-content\\\/uploads\\\/sites\\\/27\\\/2026\\\/08\\\/PLANTES-ADDICT-Photo-3.jpg\",\"width\":1536,\"height\":2048},{\"@type\":\"BreadcrumbList\",\"@id\":\"http:\\\/\\\/www.centre-commercial.fr\\\/carrefour-aix-la-pioline\\\/news-centre\\\/bon-plan-grande-vente-de-plantes\\\/#breadcrumb\",\"itemListElement\":[{\"@type\":\"ListItem\",\"position\":1,\"name\":\"Accueil\",\"item\":\"https:\\\/\\\/www.centre-commercial.fr\\\/carrefour-aix-la-pioline\\\/\"},{\"@type\":\"ListItem\",\"position\":2,\"name\":\"News Centre\",\"item\":\"https:\\\/\\\/www.centre-commercial.fr\\\/carrefour-aix-la-pioline\\\/actus-shopping\\\/\"},{\"@type\":\"ListItem\",\"position\":3,\"name\":\"BON PLAN &#8211; GRANDE VENTE DE PLANTES\",\"item\":\"http:\\\/\\\/www.centre-commercial.fr\\\/carrefour-aix-la-pioline\\\/news-centre\\\/bon-plan-grande-vente-de-plantes\\\/\"}]},{\"@type\":\"WebSite\",\"@id\":\"https:\\\/\\\/www.centre-commercial.fr\\\/carrefour-aix-la-pioline\\\/#website\",\"url\":\"https:\\\/\\\/www.centre-commercial.fr\\\/carrefour-aix-la-pioline\\\/\",\"name\":\"Centre commercial Aix La Pioline\",\"description\":\"\",\"publisher\":{\"@id\":\"https:\\\/\\\/www.centre-commercial.fr\\\/carrefour-aix-la-pioline\\\/#organization\"},\"potentialAction\":[{\"@type\":\"SearchAction\",\"target\":{\"@type\":\"EntryPoint\",\"urlTemplate\":\"https:\\\/\\\/www.centre-commercial.fr\\\/carrefour-aix-la-pioline\\\/?s={search_term_string}\"},\"query-input\":{\"@type\":\"PropertyValueSpecification\",\"valueRequired\":true,\"valueName\":\"search_term_string\"}}],\"inLanguage\":\"fr-FR\"},{\"@type\":\"Organization\",\"@id\":\"https:\\\/\\\/www.centre-commercial.fr\\\/carrefour-aix-la-pioline\\\/#organization\",\"name\":\"Centre commercial Aix La Pioline\",\"url\":\"https:\\\/\\\/www.centre-commercial.fr\\\/carrefour-aix-la-pioline\\\/\",\"logo\":{\"@type\":\"ImageObject\",\"inLanguage\":\"fr-FR\",\"@id\":\"https:\\\/\\\/www.centre-commercial.fr\\\/carrefour-aix-la-pioline\\\/#\\\/schema\\\/logo\\\/image\\\/\",\"url\":\"https:\\\/\\\/www.centre-commercial.fr\\\/carrefour-aix-la-pioline\\\/wp-content\\\/uploads\\\/sites\\\/27\\\/2019\\\/08\\\/cropped-Aix.png\",\"contentUrl\":\"https:\\\/\\\/www.centre-commercial.fr\\\/carrefour-aix-la-pioline\\\/wp-content\\\/uploads\\\/sites\\\/27\\\/2019\\\/08\\\/cropped-Aix.png\",\"width\":206,\"height\":70,\"caption\":\"Centre commercial Aix La Pioline\"},\"image\":{\"@id\":\"https:\\\/\\\/www.centre-commercial.fr\\\/carrefour-aix-la-pioline\\\/#\\\/schema\\\/logo\\\/image\\\/\"}}]}<\/script>\n<!-- \/ Yoast SEO plugin. -->","yoast_head_json":{"title":"BON PLAN - GRANDE VENTE DE PLANTES - Centre commercial Aix La Pioline","robots":{"index":"index","follow":"follow","max-snippet":"max-snippet:-1","max-image-preview":"max-image-preview:large","max-video-preview":"max-video-preview:-1"},"canonical":"http:\/\/www.centre-commercial.fr\/carrefour-aix-la-pioline\/news-centre\/bon-plan-grande-vente-de-plantes\/","og_locale":"fr_FR","og_type":"article","og_title":"BON PLAN - GRANDE VENTE DE PLANTES - Centre commercial Aix La Pioline","og_description":"Amateurs, amatrices de plantes ! Rendez-vous avec PLANTES ADDICT le samedi 5 septembre prochain (uniquement) dans votre centre commercial ! Profitez d&rsquo;un choix de + de 100 vari\u00e9t\u00e9s de plantes d&rsquo;ext\u00e9rieur et d&rsquo;int\u00e9rieur : Palmiers, oliviers, agrumes&#8230; Premier arriv\u00e9, premier servi ! Le stock est limit\u00e9 le samedi ! Prix :&#8211; 1\u20ac \u00e0 10\u20ac pour [&hellip;]","og_url":"http:\/\/www.centre-commercial.fr\/carrefour-aix-la-pioline\/news-centre\/bon-plan-grande-vente-de-plantes\/","og_site_name":"Centre commercial Aix La Pioline","og_image":[{"width":1536,"height":2048,"url":"https:\/\/www.centre-commercial.fr\/carrefour-aix-la-pioline\/wp-content\/uploads\/sites\/27\/2026\/08\/PLANTES-ADDICT-Photo-3.jpg","type":"image\/jpeg"}],"twitter_card":"summary_large_image","twitter_misc":{"Dur\u00e9e de lecture estim\u00e9e":"1 minute"},"schema":{"@context":"https:\/\/schema.org","@graph":[{"@type":"WebPage","@id":"http:\/\/www.centre-commercial.fr\/carrefour-aix-la-pioline\/news-centre\/bon-plan-grande-vente-de-plantes\/","url":"http:\/\/www.centre-commercial.fr\/carrefour-aix-la-pioline\/news-centre\/bon-plan-grande-vente-de-plantes\/","name":"BON PLAN - GRANDE VENTE DE PLANTES - Centre commercial Aix La Pioline","isPartOf":{"@id":"https:\/\/www.centre-commercial.fr\/carrefour-aix-la-pioline\/#website"},"primaryImageOfPage":{"@id":"http:\/\/www.centre-commercial.fr\/carrefour-aix-la-pioline\/news-centre\/bon-plan-grande-vente-de-plantes\/#primaryimage"},"image":{"@id":"http:\/\/www.centre-commercial.fr\/carrefour-aix-la-pioline\/news-centre\/bon-plan-grande-vente-de-plantes\/#primaryimage"},"thumbnailUrl":"https:\/\/www.centre-commercial.fr\/carrefour-aix-la-pioline\/wp-content\/uploads\/sites\/27\/2026\/08\/PLANTES-ADDICT-Photo-3.jpg","datePublished":"2026-08-28T17:00:00+00:00","breadcrumb":{"@id":"http:\/\/www.centre-commercial.fr\/carrefour-aix-la-pioline\/news-centre\/bon-plan-grande-vente-de-plantes\/#breadcrumb"},"inLanguage":"fr-FR","potentialAction":[{"@type":"ReadAction","target":["http:\/\/www.centre-commercial.fr\/carrefour-aix-la-pioline\/news-centre\/bon-plan-grande-vente-de-plantes\/"]}]},{"@type":"ImageObject","inLanguage":"fr-FR","@id":"http:\/\/www.centre-commercial.fr\/carrefour-aix-la-pioline\/news-centre\/bon-plan-grande-vente-de-plantes\/#primaryimage","url":"https:\/\/www.centre-commercial.fr\/carrefour-aix-la-pioline\/wp-content\/uploads\/sites\/27\/2026\/08\/PLANTES-ADDICT-Photo-3.jpg","contentUrl":"https:\/\/www.centre-commercial.fr\/carrefour-aix-la-pioline\/wp-content\/uploads\/sites\/27\/2026\/08\/PLANTES-ADDICT-Photo-3.jpg","width":1536,"height":2048},{"@type":"BreadcrumbList","@id":"http:\/\/www.centre-commercial.fr\/carrefour-aix-la-pioline\/news-centre\/bon-plan-grande-vente-de-plantes\/#breadcrumb","itemListElement":[{"@type":"ListItem","position":1,"name":"Accueil","item":"https:\/\/www.centre-commercial.fr\/carrefour-aix-la-pioline\/"},{"@type":"ListItem","position":2,"name":"News Centre","item":"https:\/\/www.centre-commercial.fr\/carrefour-aix-la-pioline\/actus-shopping\/"},{"@type":"ListItem","position":3,"name":"BON PLAN &#8211; GRANDE VENTE DE PLANTES","item":"http:\/\/www.centre-commercial.fr\/carrefour-aix-la-pioline\/news-centre\/bon-plan-grande-vente-de-plantes\/"}]},{"@type":"WebSite","@id":"https:\/\/www.centre-commercial.fr\/carrefour-aix-la-pioline\/#website","url":"https:\/\/www.centre-commercial.fr\/carrefour-aix-la-pioline\/","name":"Centre commercial Aix La Pioline","description":"","publisher":{"@id":"https:\/\/www.centre-commercial.fr\/carrefour-aix-la-pioline\/#organization"},"potentialAction":[{"@type":"SearchAction","target":{"@type":"EntryPoint","urlTemplate":"https:\/\/www.centre-commercial.fr\/carrefour-aix-la-pioline\/?s={search_term_string}"},"query-input":{"@type":"PropertyValueSpecification","valueRequired":true,"valueName":"search_term_string"}}],"inLanguage":"fr-FR"},{"@type":"Organization","@id":"https:\/\/www.centre-commercial.fr\/carrefour-aix-la-pioline\/#organization","name":"Centre commercial Aix La Pioline","url":"https:\/\/www.centre-commercial.fr\/carrefour-aix-la-pioline\/","logo":{"@type":"ImageObject","inLanguage":"fr-FR","@id":"https:\/\/www.centre-commercial.fr\/carrefour-aix-la-pioline\/#\/schema\/logo\/image\/","url":"https:\/\/www.centre-commercial.fr\/carrefour-aix-la-pioline\/wp-content\/uploads\/sites\/27\/2019\/08\/cropped-Aix.png","contentUrl":"https:\/\/www.centre-commercial.fr\/carrefour-aix-la-pioline\/wp-content\/uploads\/sites\/27\/2019\/08\/cropped-Aix.png","width":206,"height":70,"caption":"Centre commercial Aix La Pioline"},"image":{"@id":"https:\/\/www.centre-commercial.fr\/carrefour-aix-la-pioline\/#\/schema\/logo\/image\/"}}]}},"publishpress_future_action":{"enabled":true,"date":"2026-09-06 09:00:00","action":"change-status","newStatus":"draft","terms":[],"taxonomy":"","extraData":[]},"publishpress_future_workflow_manual_trigger":{"enabledWorkflows":[]},"_links":{"self":[{"href":"https:\/\/www.centre-commercial.fr\/carrefour-aix-la-pioline\/wp-json\/wp\/v2\/news-centre\/36443860","targetHints":{"allow":["GET"]}}],"collection":[{"href":"https:\/\/www.centre-commercial.fr\/carrefour-aix-la-pioline\/wp-json\/wp\/v2\/news-centre"}],"about":[{"href":"https:\/\/www.centre-commercial.fr\/carrefour-aix-la-pioline\/wp-json\/wp\/v2\/types\/news-centre"}],"author":[{"embeddable":true,"href":"https:\/\/www.centre-commercial.fr\/carrefour-aix-la-pioline\/wp-json\/wp\/v2\/users\/52445"}],"version-history":[{"count":1,"href":"https:\/\/www.centre-commercial.fr\/carrefour-aix-la-pioline\/wp-json\/wp\/v2\/news-centre\/36443860\/revisions"}],"predecessor-version":[{"id":36443862,"href":"https:\/\/www.centre-commercial.fr\/carrefour-aix-la-pioline\/wp-json\/wp\/v2\/news-centre\/36443860\/revisions\/36443862"}],"wp:featuredmedia":[{"embeddable":true,"href":"https:\/\/www.centre-commercial.fr\/carrefour-aix-la-pioline\/wp-json\/wp\/v2\/media\/36443861"}],"wp:attachment":[{"href":"https:\/\/www.centre-commercial.fr\/carrefour-aix-la-pioline\/wp-json\/wp\/v2\/media?parent=36443860"}],"curies":[{"name":"wp","href":"https:\/\/api.w.org\/{rel}","templated":true}]}}