{"id":36608946,"date":"2026-08-17T12:23:53","date_gmt":"2026-08-17T10:23:53","guid":{"rendered":"https:\/\/www.centre-commercial.fr\/bay2\/?post_type=news-centre&#038;p=36608946"},"modified":"2026-08-17T12:23:53","modified_gmt":"2026-08-17T10:23:53","slug":"vos-rendez-vous-elfy-criniere-du-mois-de-janvier","status":"publish","type":"news-centre","link":"https:\/\/www.centre-commercial.fr\/bay2\/news-centre\/vos-rendez-vous-elfy-criniere-du-mois-de-janvier\/","title":{"rendered":"Vos rendez-vous Elfy &amp; Crini\u00e8re du mois de Septembre :"},"content":{"rendered":"\n<p>D\u00e9couvrez toutes les animations qui vous attendent au Centre Commercial Bay 2 en Septembre !<\/p>\n\n\n\n<figure class=\"wp-block-image size-large is-resized\"><img loading=\"lazy\" decoding=\"async\" width=\"1024\" height=\"536\" src=\"https:\/\/www.centre-commercial.fr\/bay2\/wp-content\/uploads\/sites\/37\/2025\/12\/SITE-WEB-GENERIQUE-1-1-1024x536.webp\" alt=\"\" class=\"wp-image-36608949\" style=\"width:193px;height:auto\" srcset=\"https:\/\/www.centre-commercial.fr\/bay2\/wp-content\/uploads\/sites\/37\/2025\/12\/SITE-WEB-GENERIQUE-1-1-1024x536.webp 1024w, https:\/\/www.centre-commercial.fr\/bay2\/wp-content\/uploads\/sites\/37\/2025\/12\/SITE-WEB-GENERIQUE-1-1-300x157.webp 300w, https:\/\/www.centre-commercial.fr\/bay2\/wp-content\/uploads\/sites\/37\/2025\/12\/SITE-WEB-GENERIQUE-1-1-768x402.webp 768w, https:\/\/www.centre-commercial.fr\/bay2\/wp-content\/uploads\/sites\/37\/2025\/12\/SITE-WEB-GENERIQUE-1-1-269x141.webp 269w, https:\/\/www.centre-commercial.fr\/bay2\/wp-content\/uploads\/sites\/37\/2025\/12\/SITE-WEB-GENERIQUE-1-1-335x175.webp 335w, https:\/\/www.centre-commercial.fr\/bay2\/wp-content\/uploads\/sites\/37\/2025\/12\/SITE-WEB-GENERIQUE-1-1-191x100.webp 191w, https:\/\/www.centre-commercial.fr\/bay2\/wp-content\/uploads\/sites\/37\/2025\/12\/SITE-WEB-GENERIQUE-1-1-220x115.webp 220w, https:\/\/www.centre-commercial.fr\/bay2\/wp-content\/uploads\/sites\/37\/2025\/12\/SITE-WEB-GENERIQUE-1-1.webp 1200w\" sizes=\"auto, (max-width: 1024px) 100vw, 1024px\" \/><\/figure>\n\n\n\n<p class=\"has-text-align-center\"><strong> Mercredi 26 et Samedi 29 Ao\u00fbt : <\/strong><\/p>\n\n\n\n<p class=\"has-text-align-center\">Animation Customisation de trousses<\/p>\n\n\n\n<p class=\"has-text-align-center\"><strong>De 14h \u00e0 18h<\/strong> <\/p>\n\n\n\n<figure class=\"wp-block-image aligncenter size-full is-resized\"><img loading=\"lazy\" decoding=\"async\" width=\"306\" height=\"212\" src=\"https:\/\/www.centre-commercial.fr\/bay2\/wp-content\/uploads\/sites\/37\/2025\/12\/image.jpeg\" alt=\"\" class=\"wp-image-36610213\" style=\"aspect-ratio:1.4434152235199356;width:166px;height:auto\" title=\"Trousse + patchs (1).jpeg\" srcset=\"https:\/\/www.centre-commercial.fr\/bay2\/wp-content\/uploads\/sites\/37\/2025\/12\/image.jpeg 306w, https:\/\/www.centre-commercial.fr\/bay2\/wp-content\/uploads\/sites\/37\/2025\/12\/image-300x208.jpeg 300w, https:\/\/www.centre-commercial.fr\/bay2\/wp-content\/uploads\/sites\/37\/2025\/12\/image-269x186.jpeg 269w, https:\/\/www.centre-commercial.fr\/bay2\/wp-content\/uploads\/sites\/37\/2025\/12\/image-144x100.jpeg 144w, https:\/\/www.centre-commercial.fr\/bay2\/wp-content\/uploads\/sites\/37\/2025\/12\/image-220x152.jpeg 220w\" sizes=\"auto, (max-width: 306px) 100vw, 306px\" \/><\/figure>\n\n\n\n<p class=\"has-text-align-center\"><strong>Mercredi 26 et Samedi 29 Ao\u00fbt : <\/strong><\/p>\n\n\n\n<p class=\"has-text-align-center\"><strong>Mascottes Elfy &amp; Crini\u00e8re<\/strong> <\/p>\n\n\n\n<p class=\"has-text-align-center\">De 14h \u00e0 18h <\/p>\n\n\n\n<figure class=\"wp-block-image aligncenter size-full is-resized\"><img loading=\"lazy\" decoding=\"async\" width=\"594\" height=\"420\" src=\"https:\/\/www.centre-commercial.fr\/bay2\/wp-content\/uploads\/sites\/37\/2025\/12\/image-20.png\" alt=\"\" class=\"wp-image-36610214\" style=\"aspect-ratio:1.41430882759165;width:199px;height:auto\" srcset=\"https:\/\/www.centre-commercial.fr\/bay2\/wp-content\/uploads\/sites\/37\/2025\/12\/image-20.png 594w, https:\/\/www.centre-commercial.fr\/bay2\/wp-content\/uploads\/sites\/37\/2025\/12\/image-20-300x212.png 300w, https:\/\/www.centre-commercial.fr\/bay2\/wp-content\/uploads\/sites\/37\/2025\/12\/image-20-269x190.png 269w, https:\/\/www.centre-commercial.fr\/bay2\/wp-content\/uploads\/sites\/37\/2025\/12\/image-20-335x237.png 335w, https:\/\/www.centre-commercial.fr\/bay2\/wp-content\/uploads\/sites\/37\/2025\/12\/image-20-141x100.png 141w, https:\/\/www.centre-commercial.fr\/bay2\/wp-content\/uploads\/sites\/37\/2025\/12\/image-20-220x156.png 220w\" sizes=\"auto, (max-width: 594px) 100vw, 594px\" \/><\/figure>\n\n\n\n<p class=\"has-text-align-center\"><strong>Mercredi 09<\/strong> <strong>Septembre<\/strong> :<\/p>\n\n\n\n<p class=\"has-text-align-center\"><strong>Animation Dinausores <\/strong>:<\/p>\n\n\n\n<p class=\"has-text-align-center\"><strong>Au programme : <\/strong>un spectacle de dinosaures, un atelier cr\u00e9atif pour les enfants ainsi qu\u2019une d\u00e9coration sp\u00e9cialement imagin\u00e9e et cr\u00e9\u00e9e pour l\u2019\u00e9v\u00e9nement. \ud83e\udd96\ud83e\udd95<\/p>\n\n\n\n<p class=\"has-text-align-center\"><strong>De 14h \u00e0 18h<\/strong> :<\/p>\n\n\n\n<figure class=\"wp-block-image aligncenter size-large is-resized\"><img loading=\"lazy\" decoding=\"async\" width=\"810\" height=\"1024\" src=\"https:\/\/www.centre-commercial.fr\/bay2\/wp-content\/uploads\/sites\/37\/2025\/12\/image-11-810x1024.png\" alt=\"\" class=\"wp-image-36610206\" style=\"aspect-ratio:0.790908087829637;width:80px;height:auto\" srcset=\"https:\/\/www.centre-commercial.fr\/bay2\/wp-content\/uploads\/sites\/37\/2025\/12\/image-11-810x1024.png 810w, https:\/\/www.centre-commercial.fr\/bay2\/wp-content\/uploads\/sites\/37\/2025\/12\/image-11-237x300.png 237w, https:\/\/www.centre-commercial.fr\/bay2\/wp-content\/uploads\/sites\/37\/2025\/12\/image-11-768x971.png 768w, https:\/\/www.centre-commercial.fr\/bay2\/wp-content\/uploads\/sites\/37\/2025\/12\/image-11-1215x1536.png 1215w, https:\/\/www.centre-commercial.fr\/bay2\/wp-content\/uploads\/sites\/37\/2025\/12\/image-11-269x340.png 269w, https:\/\/www.centre-commercial.fr\/bay2\/wp-content\/uploads\/sites\/37\/2025\/12\/image-11-335x424.png 335w, https:\/\/www.centre-commercial.fr\/bay2\/wp-content\/uploads\/sites\/37\/2025\/12\/image-11-79x100.png 79w, https:\/\/www.centre-commercial.fr\/bay2\/wp-content\/uploads\/sites\/37\/2025\/12\/image-11-220x278.png 220w, https:\/\/www.centre-commercial.fr\/bay2\/wp-content\/uploads\/sites\/37\/2025\/12\/image-11.png 1600w\" sizes=\"auto, (max-width: 810px) 100vw, 810px\" \/><\/figure>\n\n\n\n<p class=\"has-text-align-center\"><strong>Mercredi 16 , Samedi 19 et Mercredi 23 Septembre <\/strong>:<\/p>\n\n\n\n<p class=\"has-text-align-center\">Animation pour s&rsquo;entrainer \u00e0 devenir incollable ! Pok\u00e9mon ! <\/p>\n\n\n\n<p class=\"has-text-align-center\">QUIZZ &amp; DUEL<strong> <\/strong><\/p>\n\n\n\n<p class=\"has-text-align-center\">De 11h \u00e0 13h et de 14h \u00e0 18h <\/p>\n\n\n\n<figure class=\"wp-block-image aligncenter size-full is-resized\"><img loading=\"lazy\" decoding=\"async\" width=\"596\" height=\"335\" src=\"https:\/\/www.centre-commercial.fr\/bay2\/wp-content\/uploads\/sites\/37\/2025\/12\/image-14.png\" alt=\"\" class=\"wp-image-36610208\" style=\"aspect-ratio:1.7791456725160715;width:137px;height:auto\" srcset=\"https:\/\/www.centre-commercial.fr\/bay2\/wp-content\/uploads\/sites\/37\/2025\/12\/image-14.png 596w, https:\/\/www.centre-commercial.fr\/bay2\/wp-content\/uploads\/sites\/37\/2025\/12\/image-14-300x169.png 300w, https:\/\/www.centre-commercial.fr\/bay2\/wp-content\/uploads\/sites\/37\/2025\/12\/image-14-269x151.png 269w, https:\/\/www.centre-commercial.fr\/bay2\/wp-content\/uploads\/sites\/37\/2025\/12\/image-14-335x188.png 335w, https:\/\/www.centre-commercial.fr\/bay2\/wp-content\/uploads\/sites\/37\/2025\/12\/image-14-178x100.png 178w, https:\/\/www.centre-commercial.fr\/bay2\/wp-content\/uploads\/sites\/37\/2025\/12\/image-14-220x124.png 220w\" sizes=\"auto, (max-width: 596px) 100vw, 596px\" \/><\/figure>\n\n\n\n<p class=\"has-text-align-center\"><strong>Samedi 19 septembre <\/strong>: <\/p>\n\n\n\n<p class=\"has-text-align-center\">Rencontre avec la mascotte officiel de Pok\u00e9mon<\/p>\n\n\n\n<figure class=\"wp-block-image aligncenter size-full is-resized\"><img loading=\"lazy\" decoding=\"async\" width=\"1000\" height=\"1000\" src=\"https:\/\/www.centre-commercial.fr\/bay2\/wp-content\/uploads\/sites\/37\/2025\/12\/image-15.png\" alt=\"\" class=\"wp-image-36610209\" style=\"width:80px;height:auto\" srcset=\"https:\/\/www.centre-commercial.fr\/bay2\/wp-content\/uploads\/sites\/37\/2025\/12\/image-15.png 1000w, https:\/\/www.centre-commercial.fr\/bay2\/wp-content\/uploads\/sites\/37\/2025\/12\/image-15-300x300.png 300w, https:\/\/www.centre-commercial.fr\/bay2\/wp-content\/uploads\/sites\/37\/2025\/12\/image-15-150x150.png 150w, https:\/\/www.centre-commercial.fr\/bay2\/wp-content\/uploads\/sites\/37\/2025\/12\/image-15-768x768.png 768w, https:\/\/www.centre-commercial.fr\/bay2\/wp-content\/uploads\/sites\/37\/2025\/12\/image-15-269x269.png 269w, https:\/\/www.centre-commercial.fr\/bay2\/wp-content\/uploads\/sites\/37\/2025\/12\/image-15-335x335.png 335w, https:\/\/www.centre-commercial.fr\/bay2\/wp-content\/uploads\/sites\/37\/2025\/12\/image-15-100x100.png 100w, https:\/\/www.centre-commercial.fr\/bay2\/wp-content\/uploads\/sites\/37\/2025\/12\/image-15-220x220.png 220w, https:\/\/www.centre-commercial.fr\/bay2\/wp-content\/uploads\/sites\/37\/2025\/12\/image-15-120x120.png 120w\" sizes=\"auto, (max-width: 1000px) 100vw, 1000px\" \/><\/figure>\n\n\n\n<p class=\"has-text-align-center\"><strong>Mercredi 16 et samedi 19 septembre : <\/strong><\/p>\n\n\n\n<p class=\"has-text-align-center\">Bourse d&rsquo;\u00e9change de Cartes pokemon <\/p>\n\n\n\n<p class=\"has-text-align-center\">De 11h \u00e0 13h et de 14h \u00e0 18h<\/p>\n\n\n\n<figure class=\"wp-block-image aligncenter size-full is-resized\"><img loading=\"lazy\" decoding=\"async\" width=\"596\" height=\"335\" src=\"https:\/\/www.centre-commercial.fr\/bay2\/wp-content\/uploads\/sites\/37\/2025\/12\/image-14.png\" alt=\"\" class=\"wp-image-36610208\" style=\"aspect-ratio:1.7791456725160715;width:137px;height:auto\" srcset=\"https:\/\/www.centre-commercial.fr\/bay2\/wp-content\/uploads\/sites\/37\/2025\/12\/image-14.png 596w, https:\/\/www.centre-commercial.fr\/bay2\/wp-content\/uploads\/sites\/37\/2025\/12\/image-14-300x169.png 300w, https:\/\/www.centre-commercial.fr\/bay2\/wp-content\/uploads\/sites\/37\/2025\/12\/image-14-269x151.png 269w, https:\/\/www.centre-commercial.fr\/bay2\/wp-content\/uploads\/sites\/37\/2025\/12\/image-14-335x188.png 335w, https:\/\/www.centre-commercial.fr\/bay2\/wp-content\/uploads\/sites\/37\/2025\/12\/image-14-178x100.png 178w, https:\/\/www.centre-commercial.fr\/bay2\/wp-content\/uploads\/sites\/37\/2025\/12\/image-14-220x124.png 220w\" sizes=\"auto, (max-width: 596px) 100vw, 596px\" \/><\/figure>\n\n\n\n<p class=\"has-text-align-center\"><strong>Samedi 26 Septembre : <\/strong><\/p>\n\n\n\n<p class=\"has-text-align-center\"><strong>Grand QUIZZ du plus grand fan de Pok\u00e9mon. Un moment ou tous les dresseurs se r\u00e9unissent pour tester leurs connaissances et tenter de remporter un super cadeau.  <\/strong><\/p>\n\n\n\n<p class=\"has-text-align-center\">Cr\u00e9neau Enfants de 15h \u00e0 15h30<\/p>\n\n\n\n<p class=\"has-text-align-center\">Cr\u00e9neau Adultes de 17h \u00e0 17h30<\/p>\n\n\n\n<figure class=\"wp-block-image aligncenter size-large is-resized\"><img loading=\"lazy\" decoding=\"async\" width=\"1024\" height=\"576\" src=\"https:\/\/www.centre-commercial.fr\/bay2\/wp-content\/uploads\/sites\/37\/2025\/12\/image-17-1024x576.png\" alt=\"\" class=\"wp-image-36610210\" style=\"width:110px;height:auto\" srcset=\"https:\/\/www.centre-commercial.fr\/bay2\/wp-content\/uploads\/sites\/37\/2025\/12\/image-17-1024x576.png 1024w, https:\/\/www.centre-commercial.fr\/bay2\/wp-content\/uploads\/sites\/37\/2025\/12\/image-17-300x169.png 300w, https:\/\/www.centre-commercial.fr\/bay2\/wp-content\/uploads\/sites\/37\/2025\/12\/image-17-768x432.png 768w, https:\/\/www.centre-commercial.fr\/bay2\/wp-content\/uploads\/sites\/37\/2025\/12\/image-17-269x151.png 269w, https:\/\/www.centre-commercial.fr\/bay2\/wp-content\/uploads\/sites\/37\/2025\/12\/image-17-335x188.png 335w, https:\/\/www.centre-commercial.fr\/bay2\/wp-content\/uploads\/sites\/37\/2025\/12\/image-17-178x100.png 178w, https:\/\/www.centre-commercial.fr\/bay2\/wp-content\/uploads\/sites\/37\/2025\/12\/image-17-220x124.png 220w, https:\/\/www.centre-commercial.fr\/bay2\/wp-content\/uploads\/sites\/37\/2025\/12\/image-17.png 1280w\" sizes=\"auto, (max-width: 1024px) 100vw, 1024px\" \/><\/figure>\n\n\n\n<p class=\"has-text-align-center\"><strong>Mercredi 30 setembre : <\/strong><\/p>\n\n\n\n<p class=\"has-text-align-center\">Spectacle des Guignols Elfy &amp; Crini\u00e8re <\/p>\n\n\n\n<p class=\"has-text-align-center\">Cr\u00e9neau de 30 minutes \u00e0 14h, 15h et 16h<\/p>\n\n\n\n<figure class=\"wp-block-image aligncenter size-full is-resized\"><img loading=\"lazy\" decoding=\"async\" width=\"286\" height=\"514\" src=\"https:\/\/www.centre-commercial.fr\/bay2\/wp-content\/uploads\/sites\/37\/2025\/12\/image-19.png\" alt=\"\" class=\"wp-image-36610212\" style=\"aspect-ratio:0.5564223779915077;width:120px;height:auto\" srcset=\"https:\/\/www.centre-commercial.fr\/bay2\/wp-content\/uploads\/sites\/37\/2025\/12\/image-19.png 286w, https:\/\/www.centre-commercial.fr\/bay2\/wp-content\/uploads\/sites\/37\/2025\/12\/image-19-167x300.png 167w, https:\/\/www.centre-commercial.fr\/bay2\/wp-content\/uploads\/sites\/37\/2025\/12\/image-19-269x483.png 269w, https:\/\/www.centre-commercial.fr\/bay2\/wp-content\/uploads\/sites\/37\/2025\/12\/image-19-56x100.png 56w, https:\/\/www.centre-commercial.fr\/bay2\/wp-content\/uploads\/sites\/37\/2025\/12\/image-19-220x395.png 220w\" sizes=\"auto, (max-width: 286px) 100vw, 286px\" \/><\/figure>\n\n\n\n<p class=\"has-text-align-center\">On vous attend nombreux pour venir participer \u00e0 nos animations et partager un moment convivial avec nous ! \u2728<\/p>\n\n\n\n<figure class=\"wp-block-image aligncenter size-full\"><img loading=\"lazy\" decoding=\"async\" width=\"103\" height=\"103\" src=\"https:\/\/www.centre-commercial.fr\/bay2\/wp-content\/uploads\/sites\/37\/2025\/12\/Bay-2.png\" alt=\"\" class=\"wp-image-36609639\" srcset=\"https:\/\/www.centre-commercial.fr\/bay2\/wp-content\/uploads\/sites\/37\/2025\/12\/Bay-2.png 103w, https:\/\/www.centre-commercial.fr\/bay2\/wp-content\/uploads\/sites\/37\/2025\/12\/Bay-2-100x100.png 100w\" sizes=\"auto, (max-width: 103px) 100vw, 103px\" \/><\/figure>\n","protected":false},"author":52460,"featured_media":36608958,"template":"","class_list":["post-36608946","news-centre","type-news-centre","status-publish","has-post-thumbnail","hentry"],"acf":[],"yoast_head":"<!-- This site is optimized with the Yoast SEO plugin v27.7 - https:\/\/yoast.com\/product\/yoast-seo-wordpress\/ -->\n<title>Vos rendez-vous Elfy &amp; Crini\u00e8re du mois de Septembre : - Centre Commercial Bay 2<\/title>\n<meta name=\"robots\" content=\"index, follow, max-snippet:-1, max-image-preview:large, max-video-preview:-1\" \/>\n<link rel=\"canonical\" href=\"https:\/\/www.centre-commercial.fr\/bay2\/news-centre\/vos-rendez-vous-elfy-criniere-du-mois-de-janvier\/\" \/>\n<meta property=\"og:locale\" content=\"fr_FR\" \/>\n<meta property=\"og:type\" content=\"article\" \/>\n<meta property=\"og:title\" content=\"Vos rendez-vous Elfy &amp; Crini\u00e8re du mois de Septembre : - Centre Commercial Bay 2\" \/>\n<meta property=\"og:description\" content=\"D\u00e9couvrez toutes les animations qui vous attendent au Centre Commercial Bay 2 en Septembre ! Mercredi 26 et Samedi 29 Ao\u00fbt : Animation Customisation de trousses De 14h \u00e0 18h Mercredi 26 et Samedi 29 Ao\u00fbt : Mascottes Elfy &amp; Crini\u00e8re De 14h \u00e0 18h Mercredi 09 Septembre : Animation Dinausores : Au programme : [&hellip;]\" \/>\n<meta property=\"og:url\" content=\"https:\/\/www.centre-commercial.fr\/bay2\/news-centre\/vos-rendez-vous-elfy-criniere-du-mois-de-janvier\/\" \/>\n<meta property=\"og:site_name\" content=\"Centre Commercial Bay 2\" \/>\n<meta property=\"og:image\" content=\"https:\/\/www.centre-commercial.fr\/bay2\/wp-content\/uploads\/sites\/37\/2025\/12\/SITE-WEB-GENERIQUE-1-1-1.webp\" \/>\n\t<meta property=\"og:image:width\" content=\"1200\" \/>\n\t<meta property=\"og:image:height\" content=\"628\" \/>\n\t<meta property=\"og:image:type\" content=\"image\/webp\" \/>\n<meta name=\"twitter:card\" content=\"summary_large_image\" \/>\n<meta name=\"twitter:label1\" content=\"Dur\u00e9e de lecture estim\u00e9e\" \/>\n\t<meta name=\"twitter:data1\" content=\"1 minute\" \/>\n<script type=\"application\/ld+json\" class=\"yoast-schema-graph\">{\"@context\":\"https:\\\/\\\/schema.org\",\"@graph\":[{\"@type\":\"WebPage\",\"@id\":\"https:\\\/\\\/www.centre-commercial.fr\\\/bay2\\\/news-centre\\\/vos-rendez-vous-elfy-criniere-du-mois-de-janvier\\\/\",\"url\":\"https:\\\/\\\/www.centre-commercial.fr\\\/bay2\\\/news-centre\\\/vos-rendez-vous-elfy-criniere-du-mois-de-janvier\\\/\",\"name\":\"Vos rendez-vous Elfy &amp; Crini\u00e8re du mois de Septembre : - Centre Commercial Bay 2\",\"isPartOf\":{\"@id\":\"https:\\\/\\\/www.centre-commercial.fr\\\/bay2\\\/#website\"},\"primaryImageOfPage\":{\"@id\":\"https:\\\/\\\/www.centre-commercial.fr\\\/bay2\\\/news-centre\\\/vos-rendez-vous-elfy-criniere-du-mois-de-janvier\\\/#primaryimage\"},\"image\":{\"@id\":\"https:\\\/\\\/www.centre-commercial.fr\\\/bay2\\\/news-centre\\\/vos-rendez-vous-elfy-criniere-du-mois-de-janvier\\\/#primaryimage\"},\"thumbnailUrl\":\"https:\\\/\\\/www.centre-commercial.fr\\\/bay2\\\/wp-content\\\/uploads\\\/sites\\\/37\\\/2025\\\/12\\\/SITE-WEB-GENERIQUE-1-1-1.webp\",\"datePublished\":\"2026-08-17T10:23:53+00:00\",\"breadcrumb\":{\"@id\":\"https:\\\/\\\/www.centre-commercial.fr\\\/bay2\\\/news-centre\\\/vos-rendez-vous-elfy-criniere-du-mois-de-janvier\\\/#breadcrumb\"},\"inLanguage\":\"fr-FR\",\"potentialAction\":[{\"@type\":\"ReadAction\",\"target\":[\"https:\\\/\\\/www.centre-commercial.fr\\\/bay2\\\/news-centre\\\/vos-rendez-vous-elfy-criniere-du-mois-de-janvier\\\/\"]}]},{\"@type\":\"ImageObject\",\"inLanguage\":\"fr-FR\",\"@id\":\"https:\\\/\\\/www.centre-commercial.fr\\\/bay2\\\/news-centre\\\/vos-rendez-vous-elfy-criniere-du-mois-de-janvier\\\/#primaryimage\",\"url\":\"https:\\\/\\\/www.centre-commercial.fr\\\/bay2\\\/wp-content\\\/uploads\\\/sites\\\/37\\\/2025\\\/12\\\/SITE-WEB-GENERIQUE-1-1-1.webp\",\"contentUrl\":\"https:\\\/\\\/www.centre-commercial.fr\\\/bay2\\\/wp-content\\\/uploads\\\/sites\\\/37\\\/2025\\\/12\\\/SITE-WEB-GENERIQUE-1-1-1.webp\",\"width\":1200,\"height\":628},{\"@type\":\"BreadcrumbList\",\"@id\":\"https:\\\/\\\/www.centre-commercial.fr\\\/bay2\\\/news-centre\\\/vos-rendez-vous-elfy-criniere-du-mois-de-janvier\\\/#breadcrumb\",\"itemListElement\":[{\"@type\":\"ListItem\",\"position\":1,\"name\":\"Accueil\",\"item\":\"https:\\\/\\\/www.centre-commercial.fr\\\/bay2\\\/\"},{\"@type\":\"ListItem\",\"position\":2,\"name\":\"News Centre\",\"item\":\"https:\\\/\\\/www.centre-commercial.fr\\\/bay2\\\/actus-shopping\\\/\"},{\"@type\":\"ListItem\",\"position\":3,\"name\":\"Vos rendez-vous Elfy &amp; Crini\u00e8re du mois de Septembre :\",\"item\":\"https:\\\/\\\/www.centre-commercial.fr\\\/bay2\\\/news-centre\\\/vos-rendez-vous-elfy-criniere-du-mois-de-janvier\\\/\"}]},{\"@type\":\"WebSite\",\"@id\":\"https:\\\/\\\/www.centre-commercial.fr\\\/bay2\\\/#website\",\"url\":\"https:\\\/\\\/www.centre-commercial.fr\\\/bay2\\\/\",\"name\":\"Centre Commercial Bay 2\",\"description\":\"\",\"publisher\":{\"@id\":\"https:\\\/\\\/www.centre-commercial.fr\\\/bay2\\\/#organization\"},\"potentialAction\":[{\"@type\":\"SearchAction\",\"target\":{\"@type\":\"EntryPoint\",\"urlTemplate\":\"https:\\\/\\\/www.centre-commercial.fr\\\/bay2\\\/?s={search_term_string}\"},\"query-input\":{\"@type\":\"PropertyValueSpecification\",\"valueRequired\":true,\"valueName\":\"search_term_string\"}}],\"inLanguage\":\"fr-FR\"},{\"@type\":\"Organization\",\"@id\":\"https:\\\/\\\/www.centre-commercial.fr\\\/bay2\\\/#organization\",\"name\":\"Centre Commercial Bay 2\",\"url\":\"https:\\\/\\\/www.centre-commercial.fr\\\/bay2\\\/\",\"logo\":{\"@type\":\"ImageObject\",\"inLanguage\":\"fr-FR\",\"@id\":\"https:\\\/\\\/www.centre-commercial.fr\\\/bay2\\\/#\\\/schema\\\/logo\\\/image\\\/\",\"url\":\"https:\\\/\\\/www.centre-commercial.fr\\\/bay2\\\/wp-content\\\/uploads\\\/sites\\\/37\\\/2022\\\/11\\\/cropped-Capture.png\",\"contentUrl\":\"https:\\\/\\\/www.centre-commercial.fr\\\/bay2\\\/wp-content\\\/uploads\\\/sites\\\/37\\\/2022\\\/11\\\/cropped-Capture.png\",\"width\":282,\"height\":101,\"caption\":\"Centre Commercial Bay 2\"},\"image\":{\"@id\":\"https:\\\/\\\/www.centre-commercial.fr\\\/bay2\\\/#\\\/schema\\\/logo\\\/image\\\/\"}}]}<\/script>\n<!-- \/ Yoast SEO plugin. -->","yoast_head_json":{"title":"Vos rendez-vous Elfy &amp; Crini\u00e8re du mois de Septembre : - Centre Commercial Bay 2","robots":{"index":"index","follow":"follow","max-snippet":"max-snippet:-1","max-image-preview":"max-image-preview:large","max-video-preview":"max-video-preview:-1"},"canonical":"https:\/\/www.centre-commercial.fr\/bay2\/news-centre\/vos-rendez-vous-elfy-criniere-du-mois-de-janvier\/","og_locale":"fr_FR","og_type":"article","og_title":"Vos rendez-vous Elfy &amp; Crini\u00e8re du mois de Septembre : - Centre Commercial Bay 2","og_description":"D\u00e9couvrez toutes les animations qui vous attendent au Centre Commercial Bay 2 en Septembre ! Mercredi 26 et Samedi 29 Ao\u00fbt : Animation Customisation de trousses De 14h \u00e0 18h Mercredi 26 et Samedi 29 Ao\u00fbt : Mascottes Elfy &amp; Crini\u00e8re De 14h \u00e0 18h Mercredi 09 Septembre : Animation Dinausores : Au programme : [&hellip;]","og_url":"https:\/\/www.centre-commercial.fr\/bay2\/news-centre\/vos-rendez-vous-elfy-criniere-du-mois-de-janvier\/","og_site_name":"Centre Commercial Bay 2","og_image":[{"width":1200,"height":628,"url":"https:\/\/www.centre-commercial.fr\/bay2\/wp-content\/uploads\/sites\/37\/2025\/12\/SITE-WEB-GENERIQUE-1-1-1.webp","type":"image\/webp"}],"twitter_card":"summary_large_image","twitter_misc":{"Dur\u00e9e de lecture estim\u00e9e":"1 minute"},"schema":{"@context":"https:\/\/schema.org","@graph":[{"@type":"WebPage","@id":"https:\/\/www.centre-commercial.fr\/bay2\/news-centre\/vos-rendez-vous-elfy-criniere-du-mois-de-janvier\/","url":"https:\/\/www.centre-commercial.fr\/bay2\/news-centre\/vos-rendez-vous-elfy-criniere-du-mois-de-janvier\/","name":"Vos rendez-vous Elfy &amp; Crini\u00e8re du mois de Septembre : - Centre Commercial Bay 2","isPartOf":{"@id":"https:\/\/www.centre-commercial.fr\/bay2\/#website"},"primaryImageOfPage":{"@id":"https:\/\/www.centre-commercial.fr\/bay2\/news-centre\/vos-rendez-vous-elfy-criniere-du-mois-de-janvier\/#primaryimage"},"image":{"@id":"https:\/\/www.centre-commercial.fr\/bay2\/news-centre\/vos-rendez-vous-elfy-criniere-du-mois-de-janvier\/#primaryimage"},"thumbnailUrl":"https:\/\/www.centre-commercial.fr\/bay2\/wp-content\/uploads\/sites\/37\/2025\/12\/SITE-WEB-GENERIQUE-1-1-1.webp","datePublished":"2026-08-17T10:23:53+00:00","breadcrumb":{"@id":"https:\/\/www.centre-commercial.fr\/bay2\/news-centre\/vos-rendez-vous-elfy-criniere-du-mois-de-janvier\/#breadcrumb"},"inLanguage":"fr-FR","potentialAction":[{"@type":"ReadAction","target":["https:\/\/www.centre-commercial.fr\/bay2\/news-centre\/vos-rendez-vous-elfy-criniere-du-mois-de-janvier\/"]}]},{"@type":"ImageObject","inLanguage":"fr-FR","@id":"https:\/\/www.centre-commercial.fr\/bay2\/news-centre\/vos-rendez-vous-elfy-criniere-du-mois-de-janvier\/#primaryimage","url":"https:\/\/www.centre-commercial.fr\/bay2\/wp-content\/uploads\/sites\/37\/2025\/12\/SITE-WEB-GENERIQUE-1-1-1.webp","contentUrl":"https:\/\/www.centre-commercial.fr\/bay2\/wp-content\/uploads\/sites\/37\/2025\/12\/SITE-WEB-GENERIQUE-1-1-1.webp","width":1200,"height":628},{"@type":"BreadcrumbList","@id":"https:\/\/www.centre-commercial.fr\/bay2\/news-centre\/vos-rendez-vous-elfy-criniere-du-mois-de-janvier\/#breadcrumb","itemListElement":[{"@type":"ListItem","position":1,"name":"Accueil","item":"https:\/\/www.centre-commercial.fr\/bay2\/"},{"@type":"ListItem","position":2,"name":"News Centre","item":"https:\/\/www.centre-commercial.fr\/bay2\/actus-shopping\/"},{"@type":"ListItem","position":3,"name":"Vos rendez-vous Elfy &amp; Crini\u00e8re du mois de Septembre :","item":"https:\/\/www.centre-commercial.fr\/bay2\/news-centre\/vos-rendez-vous-elfy-criniere-du-mois-de-janvier\/"}]},{"@type":"WebSite","@id":"https:\/\/www.centre-commercial.fr\/bay2\/#website","url":"https:\/\/www.centre-commercial.fr\/bay2\/","name":"Centre Commercial Bay 2","description":"","publisher":{"@id":"https:\/\/www.centre-commercial.fr\/bay2\/#organization"},"potentialAction":[{"@type":"SearchAction","target":{"@type":"EntryPoint","urlTemplate":"https:\/\/www.centre-commercial.fr\/bay2\/?s={search_term_string}"},"query-input":{"@type":"PropertyValueSpecification","valueRequired":true,"valueName":"search_term_string"}}],"inLanguage":"fr-FR"},{"@type":"Organization","@id":"https:\/\/www.centre-commercial.fr\/bay2\/#organization","name":"Centre Commercial Bay 2","url":"https:\/\/www.centre-commercial.fr\/bay2\/","logo":{"@type":"ImageObject","inLanguage":"fr-FR","@id":"https:\/\/www.centre-commercial.fr\/bay2\/#\/schema\/logo\/image\/","url":"https:\/\/www.centre-commercial.fr\/bay2\/wp-content\/uploads\/sites\/37\/2022\/11\/cropped-Capture.png","contentUrl":"https:\/\/www.centre-commercial.fr\/bay2\/wp-content\/uploads\/sites\/37\/2022\/11\/cropped-Capture.png","width":282,"height":101,"caption":"Centre Commercial Bay 2"},"image":{"@id":"https:\/\/www.centre-commercial.fr\/bay2\/#\/schema\/logo\/image\/"}}]}},"publishpress_future_action":{"enabled":false,"date":"2026-09-08 16:42:06","action":"change-status","newStatus":"draft","terms":[],"taxonomy":"","extraData":[]},"publishpress_future_workflow_manual_trigger":{"enabledWorkflows":[]},"_links":{"self":[{"href":"https:\/\/www.centre-commercial.fr\/bay2\/wp-json\/wp\/v2\/news-centre\/36608946","targetHints":{"allow":["GET"]}}],"collection":[{"href":"https:\/\/www.centre-commercial.fr\/bay2\/wp-json\/wp\/v2\/news-centre"}],"about":[{"href":"https:\/\/www.centre-commercial.fr\/bay2\/wp-json\/wp\/v2\/types\/news-centre"}],"author":[{"embeddable":true,"href":"https:\/\/www.centre-commercial.fr\/bay2\/wp-json\/wp\/v2\/users\/52460"}],"version-history":[{"count":9,"href":"https:\/\/www.centre-commercial.fr\/bay2\/wp-json\/wp\/v2\/news-centre\/36608946\/revisions"}],"predecessor-version":[{"id":36610215,"href":"https:\/\/www.centre-commercial.fr\/bay2\/wp-json\/wp\/v2\/news-centre\/36608946\/revisions\/36610215"}],"wp:featuredmedia":[{"embeddable":true,"href":"https:\/\/www.centre-commercial.fr\/bay2\/wp-json\/wp\/v2\/media\/36608958"}],"wp:attachment":[{"href":"https:\/\/www.centre-commercial.fr\/bay2\/wp-json\/wp\/v2\/media?parent=36608946"}],"curies":[{"name":"wp","href":"https:\/\/api.w.org\/{rel}","templated":true}]}}